{"id":13841,"date":"2014-07-15T16:30:39","date_gmt":"2014-07-15T14:30:39","guid":{"rendered":"https:\/\/www.forum-soegel.de\/information\/?p=13841"},"modified":"2014-07-15T16:31:34","modified_gmt":"2014-07-15T14:31:34","slug":"kreativagentur-%e2%80%9eblickfang%e2%80%9c-eroffnet-in-der-clemens-august-strase-in-sogel","status":"publish","type":"post","link":"https:\/\/www.forum-soegel.de\/information\/2014\/07\/kreativagentur-%e2%80%9eblickfang%e2%80%9c-eroffnet-in-der-clemens-august-strase-in-sogel\/","title":{"rendered":"KreativAgentur \u201eBlickfang\u201c er\u00f6ffnet in der Clemens-August-Stra\u00dfe in S\u00f6gel"},"content":{"rendered":"<p>S\u00f6gel &#8211; Als eine wesentliche Bereicherung des Angebotes in S\u00f6gel bezeichneten der Vorsitzende des Wirtschaftsverbandes S\u00f6gel, Ludwig Koopmann und Gesch\u00e4ftsf\u00fchrerin Andrea Rekers die Er\u00f6ffnung der KreativAgentur \u201eBlickfang\u201c in der Clemens-August-Stra\u00dfe 34. Sandra Strauch mit ihrem\u00a0 B\u00fcro f\u00fcr Mediengestaltung \u201etripleSmedia\u201c und die Inhaberin des gleichnamigen Fotostudios, Manuela Wucherpfennig, halten ein vielf\u00e4ltiges Angebot vor. Ob Brosch\u00fcren aller Art, Werbelayouts, Logos oder Bewerbungsfotos, Passbilder oder Industrie- und Familienfotografie, alles kann in der KreativAgentur \u201eBlickfang\u201c genutzt werden. Nachdem Pastor Matthias Voss und Pfarrer Bernhard Horstmann die Agentur gesegnet hatten, \u00fcberbrachte stellvertretende B\u00fcrgermeisterin Ulrike Hinrichs die Gr\u00fc\u00dfe der Gemeinde.<\/p>\n<p>Text\/Foto: LB<\/p>\n<div id=\"attachment_13842\" style=\"width: 310px\" class=\"wp-caption alignnone\"><a href=\"https:\/\/www.forum-soegel.de\/information\/wp-content\/uploads\/2014\/07\/KreativAgentur-\u201eBlickfang\u201c-er\u00f6ffnet-in-der-Clemens-August-Stra\u00dfe-in-S\u00f6gel.jpg\"><img loading=\"lazy\" decoding=\"async\" aria-describedby=\"caption-attachment-13842\" class=\"size-medium wp-image-13842\" title=\"KreativAgentur \u201eBlickfang\u201c er\u00f6ffnet in der Clemens-August-Stra\u00dfe in S\u00f6gel\" src=\"https:\/\/www.forum-soegel.de\/information\/wp-content\/uploads\/2014\/07\/KreativAgentur-\u201eBlickfang\u201c-er\u00f6ffnet-in-der-Clemens-August-Stra\u00dfe-in-S\u00f6gel-300x199.jpg\" alt=\"\" width=\"300\" height=\"199\" srcset=\"https:\/\/www.forum-soegel.de\/information\/wp-content\/uploads\/2014\/07\/KreativAgentur-\u201eBlickfang\u201c-er\u00f6ffnet-in-der-Clemens-August-Stra\u00dfe-in-S\u00f6gel-300x199.jpg 300w, https:\/\/www.forum-soegel.de\/information\/wp-content\/uploads\/2014\/07\/KreativAgentur-\u201eBlickfang\u201c-er\u00f6ffnet-in-der-Clemens-August-Stra\u00dfe-in-S\u00f6gel.jpg 1024w\" sizes=\"auto, (max-width: 300px) 100vw, 300px\" \/><\/a><p id=\"caption-attachment-13842\" class=\"wp-caption-text\">Unser Foto zeigt von links Ulrike Hinrichs, Andrea Rekers, Matthias Voss, die Inhaberinnen Manuela Wucherpfennig und Sandra Strauch sowie Ludwig Koopmann und Bernhard Horstmann.<\/p><\/div>\n<p>&nbsp;<\/p>\n","protected":false},"excerpt":{"rendered":"S\u00f6gel &#8211; Als eine wesentliche Bereicherung des Angebotes in S\u00f6gel bezeichneten der Vorsitzende des Wirtschaftsverbandes S\u00f6gel, Ludwig Koopmann und Gesch\u00e4ftsf\u00fchrerin Andrea Rekers die Er\u00f6ffnung der KreativAgentur \u201eBlickfang\u201c in der Clemens-August-Stra\u00dfe 34. Sandra Strauch mit ihrem\u00a0 B\u00fcro f\u00fcr Mediengestaltung \u201etripleSmedia\u201c und die Inhaberin des gleichnamigen Fotostudios, Manuela Wucherpfennig, halten ein vielf\u00e4ltiges Angebot vor. Ob Brosch\u00fcren aller [&hellip;]\n","protected":false},"author":2,"featured_media":0,"comment_status":"closed","ping_status":"closed","sticky":false,"template":"","format":"standard","meta":{"ngg_post_thumbnail":0,"footnotes":""},"categories":[4],"tags":[],"class_list":["post-13841","post","type-post","status-publish","format-standard","hentry","category-aus-der-geschaftswelt"],"_links":{"self":[{"href":"https:\/\/www.forum-soegel.de\/information\/wp-json\/wp\/v2\/posts\/13841","targetHints":{"allow":["GET"]}}],"collection":[{"href":"https:\/\/www.forum-soegel.de\/information\/wp-json\/wp\/v2\/posts"}],"about":[{"href":"https:\/\/www.forum-soegel.de\/information\/wp-json\/wp\/v2\/types\/post"}],"author":[{"embeddable":true,"href":"https:\/\/www.forum-soegel.de\/information\/wp-json\/wp\/v2\/users\/2"}],"replies":[{"embeddable":true,"href":"https:\/\/www.forum-soegel.de\/information\/wp-json\/wp\/v2\/comments?post=13841"}],"version-history":[{"count":2,"href":"https:\/\/www.forum-soegel.de\/information\/wp-json\/wp\/v2\/posts\/13841\/revisions"}],"predecessor-version":[{"id":13844,"href":"https:\/\/www.forum-soegel.de\/information\/wp-json\/wp\/v2\/posts\/13841\/revisions\/13844"}],"wp:attachment":[{"href":"https:\/\/www.forum-soegel.de\/information\/wp-json\/wp\/v2\/media?parent=13841"}],"wp:term":[{"taxonomy":"category","embeddable":true,"href":"https:\/\/www.forum-soegel.de\/information\/wp-json\/wp\/v2\/categories?post=13841"},{"taxonomy":"post_tag","embeddable":true,"href":"https:\/\/www.forum-soegel.de\/information\/wp-json\/wp\/v2\/tags?post=13841"}],"curies":[{"name":"wp","href":"https:\/\/api.w.org\/{rel}","templated":true}]}}