{"id":13829,"date":"2014-07-15T16:25:10","date_gmt":"2014-07-15T14:25:10","guid":{"rendered":"https:\/\/www.forum-soegel.de\/information\/?p=13829"},"modified":"2014-07-15T16:25:10","modified_gmt":"2014-07-15T14:25:10","slug":"pfingstzeltlager-sogel-2014-ein-voller-erfolg","status":"publish","type":"post","link":"https:\/\/www.forum-soegel.de\/information\/2014\/07\/pfingstzeltlager-sogel-2014-ein-voller-erfolg\/","title":{"rendered":"Pfingstzeltlager S\u00f6gel 2014 ein voller Erfolg"},"content":{"rendered":"<p>S\u00f6gel &#8211; Es ist erst ein paar Tage her, dass das Pfingstzeltlager in Lorup &#8222;auf dem H\u00f6vel&#8220; seine Zelte aufschlug. Insgesamt 84 Kinder und 35 Gruppenleiter fuhren am Freitag, den 06.06. mit dem Fahrrad nach Lorup. Unterst\u00fctzt von mehreren Eltern, Gro\u00dfeltern und Bekannten verlief die Hin- und R\u00fcckfahrt problemlos &#8211; nochmals ein riesen Dankesch\u00f6n!<\/p>\n<p>Bei sonnigem Wetter unternahmen die Gruppenleiter mit den Kindern verschiedenste Aktivit\u00e4ten, von Kinderolympiade, Gruppenleiterolympiade, Stadtralley, Lagerfeuerspiele bis hin zu einem Nachtmarsch. Auch Marschmellows, Stockbrot und Folienkartoffeln durften bei der abendlichen Nachtwache nicht fehlen.<\/p>\n<p>Ein besonderes Highlight in diesem Jahr war die Lagermesse. Sie wurde von unserem ehemaligen langj\u00e4hrigen Gruppenleiter Hermann Prinz durchgef\u00fchrt, der an Karsamstag in Osnabr\u00fcck zum Priester geweiht wurde. Nach 5 aufregenden Tagen fuhren dann alle gemeinsam zur\u00fcck in die Heimat, wo die Kinder von ihren Eltern sehns\u00fcchtig erwartet wurden.<\/p>\n<p>Es ist zu hoffen, dass es allen gut gefallen hat und w\u00fcnschen, dass sich alle im n\u00e4chsten Jahr im Lager wieder sehen. Ein Wiedersehenstreffen wird es geben, wo dann alle Fotos des Lagers angesehen werden k\u00f6nnen. Der Termin wird noch bekannt gegeben.<\/p>\n<p>Ein besonderer Dank gilt den Gruppenleitern, der Lagerleitung, der K\u00fcchencrew, dem Team der St. Jakobus Kirche, der freiwilligen Feuerwehr f\u00fcr die Nutzung des Gel\u00e4ndes, dem Vorstand der Kolpingfamilie S\u00f6gel\/Stavern und nat\u00fcrlich den Zeltlagerkindern f\u00fcr das tolle Lager: Danke!<\/p>\n<p>Text\/Foto: Petra Nortmann<\/p>\n<p><a href=\"https:\/\/www.forum-soegel.de\/information\/wp-content\/uploads\/2014\/07\/Pfingstzeltlager-S\u00f6gel-2014-ein-voller-Erfolg1.jpg\"><img loading=\"lazy\" decoding=\"async\" class=\"alignnone size-thumbnail wp-image-13830\" title=\"Pfingstzeltlager S\u00f6gel 2014 ein voller Erfolg1\" src=\"https:\/\/www.forum-soegel.de\/information\/wp-content\/uploads\/2014\/07\/Pfingstzeltlager-S\u00f6gel-2014-ein-voller-Erfolg1-150x150.jpg\" alt=\"\" width=\"150\" height=\"150\" \/><\/a>\u00a0\u00a0<a href=\"https:\/\/www.forum-soegel.de\/information\/wp-content\/uploads\/2014\/07\/Pfingstzeltlager-S\u00f6gel-2014-ein-voller-Erfolg2.jpg\"><img loading=\"lazy\" decoding=\"async\" class=\"alignnone size-thumbnail wp-image-13831\" title=\"Pfingstzeltlager S\u00f6gel 2014 ein voller Erfolg2\" src=\"https:\/\/www.forum-soegel.de\/information\/wp-content\/uploads\/2014\/07\/Pfingstzeltlager-S\u00f6gel-2014-ein-voller-Erfolg2-150x150.jpg\" alt=\"\" width=\"150\" height=\"150\" \/><\/a>\u00a0\u00a0<a href=\"https:\/\/www.forum-soegel.de\/information\/wp-content\/uploads\/2014\/07\/Pfingstzeltlager-S\u00f6gel-2014-ein-voller-Erfolg3.jpg\"><img loading=\"lazy\" decoding=\"async\" class=\"alignnone size-thumbnail wp-image-13832\" title=\"Pfingstzeltlager S\u00f6gel 2014 ein voller Erfolg3\" src=\"https:\/\/www.forum-soegel.de\/information\/wp-content\/uploads\/2014\/07\/Pfingstzeltlager-S\u00f6gel-2014-ein-voller-Erfolg3-150x150.jpg\" alt=\"\" width=\"150\" height=\"150\" \/><\/a><\/p>\n<p><a href=\"https:\/\/www.forum-soegel.de\/information\/wp-content\/uploads\/2014\/07\/Pfingstzeltlager-S\u00f6gel-2014-ein-voller-Erfolg4.jpg\"><img loading=\"lazy\" decoding=\"async\" class=\"alignnone size-thumbnail wp-image-13833\" title=\"Pfingstzeltlager S\u00f6gel 2014 ein voller Erfolg4\" src=\"https:\/\/www.forum-soegel.de\/information\/wp-content\/uploads\/2014\/07\/Pfingstzeltlager-S\u00f6gel-2014-ein-voller-Erfolg4-150x150.jpg\" alt=\"\" width=\"150\" height=\"150\" \/><\/a>\u00a0\u00a0<a href=\"https:\/\/www.forum-soegel.de\/information\/wp-content\/uploads\/2014\/07\/Pfingstzeltlager-S\u00f6gel-2014-ein-voller-Erfolg5.jpg\"><img loading=\"lazy\" decoding=\"async\" class=\"alignnone size-thumbnail wp-image-13834\" title=\"Pfingstzeltlager S\u00f6gel 2014 ein voller Erfolg5\" src=\"https:\/\/www.forum-soegel.de\/information\/wp-content\/uploads\/2014\/07\/Pfingstzeltlager-S\u00f6gel-2014-ein-voller-Erfolg5-150x150.jpg\" alt=\"\" width=\"150\" height=\"150\" \/><\/a>\u00a0\u00a0<a href=\"https:\/\/www.forum-soegel.de\/information\/wp-content\/uploads\/2014\/07\/Pfingstzeltlager-S\u00f6gel-2014-ein-voller-Erfolg6.jpg\"><img loading=\"lazy\" decoding=\"async\" class=\"alignnone size-thumbnail wp-image-13835\" title=\"Pfingstzeltlager S\u00f6gel 2014 ein voller Erfolg6\" src=\"https:\/\/www.forum-soegel.de\/information\/wp-content\/uploads\/2014\/07\/Pfingstzeltlager-S\u00f6gel-2014-ein-voller-Erfolg6-150x150.jpg\" alt=\"\" width=\"150\" height=\"150\" \/><\/a><\/p>\n","protected":false},"excerpt":{"rendered":"S\u00f6gel &#8211; Es ist erst ein paar Tage her, dass das Pfingstzeltlager in Lorup &#8222;auf dem H\u00f6vel&#8220; seine Zelte aufschlug. Insgesamt 84 Kinder und 35 Gruppenleiter fuhren am Freitag, den 06.06. mit dem Fahrrad nach Lorup. Unterst\u00fctzt von mehreren Eltern, Gro\u00dfeltern und Bekannten verlief die Hin- und R\u00fcckfahrt problemlos &#8211; nochmals ein riesen Dankesch\u00f6n! Bei [&hellip;]\n","protected":false},"author":2,"featured_media":0,"comment_status":"closed","ping_status":"closed","sticky":false,"template":"","format":"standard","meta":{"ngg_post_thumbnail":0,"footnotes":""},"categories":[868],"tags":[],"class_list":["post-13829","post","type-post","status-publish","format-standard","hentry","category-zwischen-himmel-und-erde"],"_links":{"self":[{"href":"https:\/\/www.forum-soegel.de\/information\/wp-json\/wp\/v2\/posts\/13829","targetHints":{"allow":["GET"]}}],"collection":[{"href":"https:\/\/www.forum-soegel.de\/information\/wp-json\/wp\/v2\/posts"}],"about":[{"href":"https:\/\/www.forum-soegel.de\/information\/wp-json\/wp\/v2\/types\/post"}],"author":[{"embeddable":true,"href":"https:\/\/www.forum-soegel.de\/information\/wp-json\/wp\/v2\/users\/2"}],"replies":[{"embeddable":true,"href":"https:\/\/www.forum-soegel.de\/information\/wp-json\/wp\/v2\/comments?post=13829"}],"version-history":[{"count":2,"href":"https:\/\/www.forum-soegel.de\/information\/wp-json\/wp\/v2\/posts\/13829\/revisions"}],"predecessor-version":[{"id":13837,"href":"https:\/\/www.forum-soegel.de\/information\/wp-json\/wp\/v2\/posts\/13829\/revisions\/13837"}],"wp:attachment":[{"href":"https:\/\/www.forum-soegel.de\/information\/wp-json\/wp\/v2\/media?parent=13829"}],"wp:term":[{"taxonomy":"category","embeddable":true,"href":"https:\/\/www.forum-soegel.de\/information\/wp-json\/wp\/v2\/categories?post=13829"},{"taxonomy":"post_tag","embeddable":true,"href":"https:\/\/www.forum-soegel.de\/information\/wp-json\/wp\/v2\/tags?post=13829"}],"curies":[{"name":"wp","href":"https:\/\/api.w.org\/{rel}","templated":true}]}}