{"id":13823,"date":"2014-07-15T16:19:15","date_gmt":"2014-07-15T14:19:15","guid":{"rendered":"https:\/\/www.forum-soegel.de\/information\/?p=13823"},"modified":"2014-07-15T16:19:15","modified_gmt":"2014-07-15T14:19:15","slug":"maiandacht-in-der-kita-st-johannes-d-t-in-spahnharrenstatte","status":"publish","type":"post","link":"https:\/\/www.forum-soegel.de\/information\/2014\/07\/maiandacht-in-der-kita-st-johannes-d-t-in-spahnharrenstatte\/","title":{"rendered":"Maiandacht in der KiTa St. Johannes d.T. in Spahnharrenst\u00e4tte"},"content":{"rendered":"<p>Spahnharrenst\u00e4tte &#8211; Die Kinder und Erzieherinnen der Kindertagesst\u00e4tte St. Johannes d.T. feierten in den letzten Tagen des Marienmonats gemeinsam mit den Eltern eine Maiandacht. Ebenso folgten dieser Einladung auch die Kinder des heilp\u00e4dagogischen Kindergartens \u201eSterntaler&#8220;.<\/p>\n<p>Frau Manuela Sauder, Gemeindeassistentin des Pfarrverbundes, erz\u00e4hlte von Maria, der Mutter Jesu. Im Bewegungsraum der KiTa wurde ein Marienaltar aufgebaut und im Verlauf der Andacht brachte jedes Kind Blumen zur Marienk\u00f6nigin. Im Anschluss an die Maiandacht wurden die vielen bunten Blumen in die Kirche im Ort gebracht.<\/p>\n<p>Text\/Foto: Kindergarten-Team, SPH-V<\/p>\n<p><a href=\"https:\/\/www.forum-soegel.de\/information\/wp-content\/uploads\/2014\/07\/Maiandacht-in-der-KiTa-St.-Johannes-d.T.-in-Spahnharrenst\u00e4tte.jpg\"><img loading=\"lazy\" decoding=\"async\" class=\"alignnone size-medium wp-image-13824\" title=\"Maiandacht in der KiTa St. Johannes d.T. in Spahnharrenst\u00e4tte\" src=\"https:\/\/www.forum-soegel.de\/information\/wp-content\/uploads\/2014\/07\/Maiandacht-in-der-KiTa-St.-Johannes-d.T.-in-Spahnharrenst\u00e4tte-300x225.jpg\" alt=\"\" width=\"300\" height=\"225\" srcset=\"https:\/\/www.forum-soegel.de\/information\/wp-content\/uploads\/2014\/07\/Maiandacht-in-der-KiTa-St.-Johannes-d.T.-in-Spahnharrenst\u00e4tte-300x225.jpg 300w, https:\/\/www.forum-soegel.de\/information\/wp-content\/uploads\/2014\/07\/Maiandacht-in-der-KiTa-St.-Johannes-d.T.-in-Spahnharrenst\u00e4tte.jpg 1024w\" sizes=\"auto, (max-width: 300px) 100vw, 300px\" \/><\/a><\/p>\n","protected":false},"excerpt":{"rendered":"Spahnharrenst\u00e4tte &#8211; Die Kinder und Erzieherinnen der Kindertagesst\u00e4tte St. Johannes d.T. feierten in den letzten Tagen des Marienmonats gemeinsam mit den Eltern eine Maiandacht. Ebenso folgten dieser Einladung auch die Kinder des heilp\u00e4dagogischen Kindergartens \u201eSterntaler&#8220;. Frau Manuela Sauder, Gemeindeassistentin des Pfarrverbundes, erz\u00e4hlte von Maria, der Mutter Jesu. Im Bewegungsraum der KiTa wurde ein Marienaltar aufgebaut [&hellip;]\n","protected":false},"author":2,"featured_media":0,"comment_status":"closed","ping_status":"closed","sticky":false,"template":"","format":"standard","meta":{"ngg_post_thumbnail":0,"footnotes":""},"categories":[868],"tags":[],"class_list":["post-13823","post","type-post","status-publish","format-standard","hentry","category-zwischen-himmel-und-erde"],"_links":{"self":[{"href":"https:\/\/www.forum-soegel.de\/information\/wp-json\/wp\/v2\/posts\/13823","targetHints":{"allow":["GET"]}}],"collection":[{"href":"https:\/\/www.forum-soegel.de\/information\/wp-json\/wp\/v2\/posts"}],"about":[{"href":"https:\/\/www.forum-soegel.de\/information\/wp-json\/wp\/v2\/types\/post"}],"author":[{"embeddable":true,"href":"https:\/\/www.forum-soegel.de\/information\/wp-json\/wp\/v2\/users\/2"}],"replies":[{"embeddable":true,"href":"https:\/\/www.forum-soegel.de\/information\/wp-json\/wp\/v2\/comments?post=13823"}],"version-history":[{"count":1,"href":"https:\/\/www.forum-soegel.de\/information\/wp-json\/wp\/v2\/posts\/13823\/revisions"}],"predecessor-version":[{"id":13825,"href":"https:\/\/www.forum-soegel.de\/information\/wp-json\/wp\/v2\/posts\/13823\/revisions\/13825"}],"wp:attachment":[{"href":"https:\/\/www.forum-soegel.de\/information\/wp-json\/wp\/v2\/media?parent=13823"}],"wp:term":[{"taxonomy":"category","embeddable":true,"href":"https:\/\/www.forum-soegel.de\/information\/wp-json\/wp\/v2\/categories?post=13823"},{"taxonomy":"post_tag","embeddable":true,"href":"https:\/\/www.forum-soegel.de\/information\/wp-json\/wp\/v2\/tags?post=13823"}],"curies":[{"name":"wp","href":"https:\/\/api.w.org\/{rel}","templated":true}]}}