{"id":13820,"date":"2014-07-15T16:18:04","date_gmt":"2014-07-15T14:18:04","guid":{"rendered":"https:\/\/www.forum-soegel.de\/information\/?p=13820"},"modified":"2014-07-15T16:18:04","modified_gmt":"2014-07-15T14:18:04","slug":"kindergarten-st-michael-in-neuen-raumlichkeiten","status":"publish","type":"post","link":"https:\/\/www.forum-soegel.de\/information\/2014\/07\/kindergarten-st-michael-in-neuen-raumlichkeiten\/","title":{"rendered":"Kindergarten St. Michael in neuen R\u00e4umlichkeiten"},"content":{"rendered":"<p>Stavern &#8211; Das neue Domizil der Kindergartenkinder in Stavern nahmen der Staverner B\u00fcrgermeister Helmut Rawe, Samtgemeindeb\u00fcrgermeister G\u00fcnter Wigbers und Pfarrer Bernhard Horstmann in diesen Tagen in Augenschein. Sabine Beelmann (Leitung) f\u00fchrte die G\u00e4ste durch die hellen und gro\u00dfz\u00fcgigen R\u00e4umlichkeiten der ehemaligen Grundschule. Bisher hatte der Kindergarten in der Randlage von Stavern sein Zuhause.<\/p>\n<p>\u201eWir f\u00fchlen uns hier richtig wohl!\u201c, so Beelmann. Endlich verf\u00fcge der St. Michael -Kindergarten \u00fcber ausreichend Platz mit vielen Spielm\u00f6glichkeiten, neuen sanit\u00e4ren Anlagen und ein gutes Umfeld.\u00a0 Neue Spielger\u00e4te und Funktionsr\u00e4ume bereichern zudem das Angebot im Kindergarten, in dem derzeit 40 Kinder in zwei Gruppen von vier Erzieherinnen betreut werden. Ab dem Sommer kommen im Zuge der Umstrukturierung des Kinder- und Schulbetreuungsangebotes im s\u00fcdlichen Gebiet der Samtgemeinde S\u00f6gel noch 28 Kinder aus Klein Ber\u00dfen hinzu, berichtete Wigbers. Eine dritte Gruppe werde dann eingerichtet, wobei eine davon als alters\u00fcbergreifende Gruppe gef\u00fchrt werde, so dass auch die Kleinsten im Kindergarten Stavern betreut werden k\u00f6nnen. Insgesamt werden dann sieben Erzieherinnen besch\u00e4ftigt sein.<\/p>\n<p>\u201eJeder Euro, der hier zum Wohle unserer Kinder ausgegeben wurde, hat sich gelohnt\u201c, beteuerte Wigbers. Das Investitionsvolumen betrage insgesamt\u00a0 247.000 Euro. Zusch\u00fcsse vom Land Niedersachsen, vom Landkreis Emsland und von der Samtgemeinde S\u00f6gel sind in die Finanzierung eingeflossen. \u201eMit diesem Standort ist die Kinderbetreuung in Stavern f\u00fcr lange Zeit auf eine gesunde Basis gestellt worden.\u201c<\/p>\n<p>Rawe lobte das au\u00dferordentliche, ehrenamtliche Engagement der Staverner B\u00fcrger. In einer beispiellosen Aktion haben Vereine aus Stavern und die Eltern der Kindergartenkinder an einem Wochenende den kompletten Umzug des Kindergartens durchgef\u00fchrt.\u00a0 \u201eDas zeichnet unsere Dorfgemeinschaft aus. Wir halten zusammen und packen alle mit an\u201c, sagte Rawe nicht ohne Stolz.<\/p>\n<p>\u201eIch freue mich, dass der Standort des Kindergartens in das Zentrum der Gemeinde ger\u00fcckt ist\u201c, sagte Pfarrer Bernhard Horstmann. Jetzt sei der Kindergarten im Schatten der St. Michael- Kirche angesiedelt und daraus erhoffe er sich eine noch bessere Zusammenarbeit mit Aktionen auch in der Kirche.<\/p>\n<p>Text: Ingrid Cloppenburg \/ Foto: Samtgemeinde S\u00f6gel<\/p>\n<div id=\"attachment_13821\" style=\"width: 310px\" class=\"wp-caption alignnone\"><a href=\"https:\/\/www.forum-soegel.de\/information\/wp-content\/uploads\/2014\/07\/Kindergarten-St.-Michael-in-neuen-R\u00e4umlichkeiten.jpg\"><img loading=\"lazy\" decoding=\"async\" aria-describedby=\"caption-attachment-13821\" class=\"size-medium wp-image-13821\" title=\"Kindergarten St. Michael in neuen R\u00e4umlichkeiten\" src=\"https:\/\/www.forum-soegel.de\/information\/wp-content\/uploads\/2014\/07\/Kindergarten-St.-Michael-in-neuen-R\u00e4umlichkeiten-300x226.jpg\" alt=\"\" width=\"300\" height=\"226\" srcset=\"https:\/\/www.forum-soegel.de\/information\/wp-content\/uploads\/2014\/07\/Kindergarten-St.-Michael-in-neuen-R\u00e4umlichkeiten-300x226.jpg 300w, https:\/\/www.forum-soegel.de\/information\/wp-content\/uploads\/2014\/07\/Kindergarten-St.-Michael-in-neuen-R\u00e4umlichkeiten.jpg 1015w\" sizes=\"auto, (max-width: 300px) 100vw, 300px\" \/><\/a><p id=\"caption-attachment-13821\" class=\"wp-caption-text\">Die Kinder des Kindergartens St. Michael in Stavern freuen sich gemeinsam mit Samtgemeindeb\u00fcrgermeister G\u00fcnter Wigbers, Sabine Beelmann (Leitung), B\u00fcrgermeister Helmut Rawe und Pfarrer Bernhard Horstmann \u00fcber das neue Domizil in der Ortsmitte von Stavern.<\/p><\/div>\n","protected":false},"excerpt":{"rendered":"Stavern &#8211; Das neue Domizil der Kindergartenkinder in Stavern nahmen der Staverner B\u00fcrgermeister Helmut Rawe, Samtgemeindeb\u00fcrgermeister G\u00fcnter Wigbers und Pfarrer Bernhard Horstmann in diesen Tagen in Augenschein. Sabine Beelmann (Leitung) f\u00fchrte die G\u00e4ste durch die hellen und gro\u00dfz\u00fcgigen R\u00e4umlichkeiten der ehemaligen Grundschule. Bisher hatte der Kindergarten in der Randlage von Stavern sein Zuhause. \u201eWir f\u00fchlen [&hellip;]\n","protected":false},"author":2,"featured_media":0,"comment_status":"closed","ping_status":"closed","sticky":false,"template":"","format":"standard","meta":{"ngg_post_thumbnail":0,"footnotes":""},"categories":[868],"tags":[],"class_list":["post-13820","post","type-post","status-publish","format-standard","hentry","category-zwischen-himmel-und-erde"],"_links":{"self":[{"href":"https:\/\/www.forum-soegel.de\/information\/wp-json\/wp\/v2\/posts\/13820","targetHints":{"allow":["GET"]}}],"collection":[{"href":"https:\/\/www.forum-soegel.de\/information\/wp-json\/wp\/v2\/posts"}],"about":[{"href":"https:\/\/www.forum-soegel.de\/information\/wp-json\/wp\/v2\/types\/post"}],"author":[{"embeddable":true,"href":"https:\/\/www.forum-soegel.de\/information\/wp-json\/wp\/v2\/users\/2"}],"replies":[{"embeddable":true,"href":"https:\/\/www.forum-soegel.de\/information\/wp-json\/wp\/v2\/comments?post=13820"}],"version-history":[{"count":1,"href":"https:\/\/www.forum-soegel.de\/information\/wp-json\/wp\/v2\/posts\/13820\/revisions"}],"predecessor-version":[{"id":13822,"href":"https:\/\/www.forum-soegel.de\/information\/wp-json\/wp\/v2\/posts\/13820\/revisions\/13822"}],"wp:attachment":[{"href":"https:\/\/www.forum-soegel.de\/information\/wp-json\/wp\/v2\/media?parent=13820"}],"wp:term":[{"taxonomy":"category","embeddable":true,"href":"https:\/\/www.forum-soegel.de\/information\/wp-json\/wp\/v2\/categories?post=13820"},{"taxonomy":"post_tag","embeddable":true,"href":"https:\/\/www.forum-soegel.de\/information\/wp-json\/wp\/v2\/tags?post=13820"}],"curies":[{"name":"wp","href":"https:\/\/api.w.org\/{rel}","templated":true}]}}