{"id":13809,"date":"2014-07-15T10:15:35","date_gmt":"2014-07-15T08:15:35","guid":{"rendered":"https:\/\/www.forum-soegel.de\/information\/?p=13809"},"modified":"2014-07-15T10:17:19","modified_gmt":"2014-07-15T08:17:19","slug":"hermann-prinz-feierte-seine-primiz-in-sogel","status":"publish","type":"post","link":"https:\/\/www.forum-soegel.de\/information\/2014\/07\/hermann-prinz-feierte-seine-primiz-in-sogel\/","title":{"rendered":"Hermann Prinz feierte seine Primiz in S\u00f6gel"},"content":{"rendered":"<p>S\u00f6gel &#8211; Als Neupriester zog am Pfingstsonntag Hermann Prinz feierlich in \u201eseine Heimatpfarrkirche\u201c St. Jakobus zur Primizmesse sein. Der Osnabr\u00fccker Bischof Franz-Josef Bode hatte Prinz am Vortag im Dom zum Priester geweiht.<\/p>\n<p>Fahnenabordnungen, zahlreiche Priester, die Prinz auf seinem Weg begleitet hatten, seine fr\u00fcheren Messdienerkollegen und Helfer im kirchlichen Dienst zogen bei kr\u00e4ftigem Glockengel\u00e4ut in die vollbesetzte Kirche ein. Pfarrer Bernhard Horstmann freute sich sichtlich, dass nach der Weihe von Detlev Perk vor einem Jahr wieder ein \u201eS\u00f6geler Junge\u201c zum Priester geweiht wurde und Primiz feiern k\u00f6nne. Er dankte allen Helferinnen und Helfern, die einen Beitrag zu der w\u00fcrdigen Gestaltung der Primizmesse geleistet hatten. Ein besonderes Lob zollte er dem Kirchenchor unter der Leitung von Frauke Sparfeldt, der nicht nur die Primiz, sondern auch die Priesterweihe in Osnabr\u00fcck mitgestaltet hatte, und der Kolpingskapelle.<\/p>\n<p>Pastor Michael Wehrmeyer aus Melle hielt die Predigt in der Primizmesse \u201eseines bisherigen Diakons\u201c. Im Namen der Kirchengemeinde w\u00fcnschte die Pfarrgemeinderatsvorsitzende Dagmar Meyer dem Primizianten Gottes Segen f\u00fcr seinen jetzt beginnenden Weg als Priester. B\u00fcrgermeisterin Irmgard Welling hob hervor, dass Hermann Prinz \u00fcber Jahrzehnte das kirchliche Leben in S\u00f6gel mitgestaltet \u00a0und einen gro\u00dfen Beitrag in der Jugendarbeit geleistet habe. Beim anschlie\u00dfenden Empfang im Heimathaus wollte die Reihe der vielen Gratulanten nicht abrei\u00dfen. Neben den Familienangeh\u00f6rigen waren viele Freunde, Gemeindemitglieder und Wegbeleiter gekommen, um Hermann Prinz alles Gute auf seinem weiteren Weg zu w\u00fcnschen.<\/p>\n<p>Der 44-j\u00e4hrige Sp\u00e4tberufene hatte sich\u00a0 schon in seiner Jugendzeit mit dem Gedanken befasst, Priester zu werden. Aber er entschied sich zun\u00e4chst f\u00fcr einen anderen Weg. Er erlernte den Beruf des Altenpflegers und war in Seniorenheimen in Werlte, Lathen und S\u00f6gel t\u00e4tig, zuletzt auch in leitender Funktion, wie seine fr\u00fchere Kollegin und Heimleiterin von Haus Simeon, Ingrid Wotte, in ihrem Gru\u00dfwort betonte. \u201eDamit hast Dir eine gute Basis f\u00fcr deine zuk\u00fcnftige T\u00e4tigkeit geschaffen\u201c, meinte Wotte abschlie\u00dfend.<\/p>\n<p>Als dann 2006 ein Stellenwechsel anstand, f\u00fchlte sich Hermann Prinz endg\u00fcltig zum Priesteramt berufen. Er ging ins Seminar, studierte in Lantershofen und wurde im letzten Jahr zum Diakon geweiht. Prinz wird ab Oktober Kaplan in Papenburg.<\/p>\n<p>Text\/ Fotos: LB<\/p>\n<div id=\"attachment_13810\" style=\"width: 310px\" class=\"wp-caption alignnone\"><a href=\"https:\/\/www.forum-soegel.de\/information\/wp-content\/uploads\/2014\/07\/Hermann-Prinz-feierte-seine-Primiz-in-S\u00f6gel1.jpg\"><img loading=\"lazy\" decoding=\"async\" aria-describedby=\"caption-attachment-13810\" class=\"size-medium wp-image-13810\" title=\"Hermann Prinz feierte seine Primiz in S\u00f6gel1\" src=\"https:\/\/www.forum-soegel.de\/information\/wp-content\/uploads\/2014\/07\/Hermann-Prinz-feierte-seine-Primiz-in-S\u00f6gel1-300x165.jpg\" alt=\"\" width=\"300\" height=\"165\" srcset=\"https:\/\/www.forum-soegel.de\/information\/wp-content\/uploads\/2014\/07\/Hermann-Prinz-feierte-seine-Primiz-in-S\u00f6gel1-300x165.jpg 300w, https:\/\/www.forum-soegel.de\/information\/wp-content\/uploads\/2014\/07\/Hermann-Prinz-feierte-seine-Primiz-in-S\u00f6gel1.jpg 1024w\" sizes=\"auto, (max-width: 300px) 100vw, 300px\" \/><\/a><p id=\"caption-attachment-13810\" class=\"wp-caption-text\">Hermann Prinz feierte die erste Heilige Messe in seiner Heimatkirche St. Jakobus.<\/p><\/div>\n<div id=\"attachment_13812\" style=\"width: 310px\" class=\"wp-caption alignnone\"><a href=\"https:\/\/www.forum-soegel.de\/information\/wp-content\/uploads\/2014\/07\/Hermann-Prinz-feierte-seine-Primiz-in-S\u00f6gel2.jpg\"><img loading=\"lazy\" decoding=\"async\" aria-describedby=\"caption-attachment-13812\" class=\"size-medium wp-image-13812\" title=\"Hermann Prinz feierte seine Primiz in S\u00f6gel2\" src=\"https:\/\/www.forum-soegel.de\/information\/wp-content\/uploads\/2014\/07\/Hermann-Prinz-feierte-seine-Primiz-in-S\u00f6gel2-300x199.jpg\" alt=\"\" width=\"300\" height=\"199\" srcset=\"https:\/\/www.forum-soegel.de\/information\/wp-content\/uploads\/2014\/07\/Hermann-Prinz-feierte-seine-Primiz-in-S\u00f6gel2-300x199.jpg 300w, https:\/\/www.forum-soegel.de\/information\/wp-content\/uploads\/2014\/07\/Hermann-Prinz-feierte-seine-Primiz-in-S\u00f6gel2.jpg 1024w\" sizes=\"auto, (max-width: 300px) 100vw, 300px\" \/><\/a><p id=\"caption-attachment-13812\" class=\"wp-caption-text\">Nach dem feierlichen Primizgottesdienst gratulierten Pfarrer Bernhard Horstmann ,B\u00fcrgermeisterin Irmgard Welling und Pfarrgemeinderatsvorsitzende Dagmar Meyer zur Priesterweihe.<\/p><\/div>\n<div id=\"attachment_13813\" style=\"width: 310px\" class=\"wp-caption alignnone\"><a href=\"https:\/\/www.forum-soegel.de\/information\/wp-content\/uploads\/2014\/07\/Hermann-Prinz-feierte-seine-Primiz-in-S\u00f6gel3.jpg\"><img loading=\"lazy\" decoding=\"async\" aria-describedby=\"caption-attachment-13813\" class=\"size-medium wp-image-13813\" title=\"Hermann Prinz feierte seine Primiz in S\u00f6gel3\" src=\"https:\/\/www.forum-soegel.de\/information\/wp-content\/uploads\/2014\/07\/Hermann-Prinz-feierte-seine-Primiz-in-S\u00f6gel3-300x199.jpg\" alt=\"\" width=\"300\" height=\"199\" srcset=\"https:\/\/www.forum-soegel.de\/information\/wp-content\/uploads\/2014\/07\/Hermann-Prinz-feierte-seine-Primiz-in-S\u00f6gel3-300x199.jpg 300w, https:\/\/www.forum-soegel.de\/information\/wp-content\/uploads\/2014\/07\/Hermann-Prinz-feierte-seine-Primiz-in-S\u00f6gel3.jpg 1024w\" sizes=\"auto, (max-width: 300px) 100vw, 300px\" \/><\/a><p id=\"caption-attachment-13813\" class=\"wp-caption-text\">Auch die Frauengemeinschaft war mit der Fahnenabordnung dabei.<\/p><\/div>\n<p>&nbsp;<\/p>\n","protected":false},"excerpt":{"rendered":"S\u00f6gel &#8211; Als Neupriester zog am Pfingstsonntag Hermann Prinz feierlich in \u201eseine Heimatpfarrkirche\u201c St. Jakobus zur Primizmesse sein. Der Osnabr\u00fccker Bischof Franz-Josef Bode hatte Prinz am Vortag im Dom zum Priester geweiht. Fahnenabordnungen, zahlreiche Priester, die Prinz auf seinem Weg begleitet hatten, seine fr\u00fcheren Messdienerkollegen und Helfer im kirchlichen Dienst zogen bei kr\u00e4ftigem Glockengel\u00e4ut in [&hellip;]\n","protected":false},"author":2,"featured_media":0,"comment_status":"closed","ping_status":"closed","sticky":false,"template":"","format":"standard","meta":{"ngg_post_thumbnail":0,"footnotes":""},"categories":[868],"tags":[],"class_list":["post-13809","post","type-post","status-publish","format-standard","hentry","category-zwischen-himmel-und-erde"],"_links":{"self":[{"href":"https:\/\/www.forum-soegel.de\/information\/wp-json\/wp\/v2\/posts\/13809","targetHints":{"allow":["GET"]}}],"collection":[{"href":"https:\/\/www.forum-soegel.de\/information\/wp-json\/wp\/v2\/posts"}],"about":[{"href":"https:\/\/www.forum-soegel.de\/information\/wp-json\/wp\/v2\/types\/post"}],"author":[{"embeddable":true,"href":"https:\/\/www.forum-soegel.de\/information\/wp-json\/wp\/v2\/users\/2"}],"replies":[{"embeddable":true,"href":"https:\/\/www.forum-soegel.de\/information\/wp-json\/wp\/v2\/comments?post=13809"}],"version-history":[{"count":2,"href":"https:\/\/www.forum-soegel.de\/information\/wp-json\/wp\/v2\/posts\/13809\/revisions"}],"predecessor-version":[{"id":13814,"href":"https:\/\/www.forum-soegel.de\/information\/wp-json\/wp\/v2\/posts\/13809\/revisions\/13814"}],"wp:attachment":[{"href":"https:\/\/www.forum-soegel.de\/information\/wp-json\/wp\/v2\/media?parent=13809"}],"wp:term":[{"taxonomy":"category","embeddable":true,"href":"https:\/\/www.forum-soegel.de\/information\/wp-json\/wp\/v2\/categories?post=13809"},{"taxonomy":"post_tag","embeddable":true,"href":"https:\/\/www.forum-soegel.de\/information\/wp-json\/wp\/v2\/tags?post=13809"}],"curies":[{"name":"wp","href":"https:\/\/api.w.org\/{rel}","templated":true}]}}