{"id":13806,"date":"2014-07-15T10:13:13","date_gmt":"2014-07-15T08:13:13","guid":{"rendered":"https:\/\/www.forum-soegel.de\/information\/?p=13806"},"modified":"2014-07-15T10:13:13","modified_gmt":"2014-07-15T08:13:13","slug":"begleitete-und-betreute-seniorenfahrt-19-22-05-2014","status":"publish","type":"post","link":"https:\/\/www.forum-soegel.de\/information\/2014\/07\/begleitete-und-betreute-seniorenfahrt-19-22-05-2014\/","title":{"rendered":"Begleitete und betreute Seniorenfahrt, 19.-22.05.2014"},"content":{"rendered":"<p>S\u00f6gel &#8211; Unsere begleitete und betreute Seniorenfahrt f\u00fchrte uns in diesem Jahr nach Th\u00fcringen &#8211; Menschen, Kultur und Geschichte.<\/p>\n<p>Die erste Station war die Stadt Eisenach oder laut Martin Luther auch \u201eStadt der Liebe\u201c. Hier verlebten wir eine Entdeckungsreise mit einer ortskundigen Reiseleitung.<\/p>\n<p>In einem wundersch\u00f6nen Hotel untergebracht besuchten wir am zweiten Tag die Stadt Weimar. Auch dort zeigte eine ortskundige Stadtf\u00fchrerin die Besonderheiten der Stadt. Angefangen von der Anne Amalia Bibliothek, Goethes Wohnhaus, den Ilmpark mit Goethes Gartenhaus, das Schillerhaus und vieles mehr. Nach einem kr\u00e4ftigen Mittagessen besuchten wir die Stadt Erfurt mit ihren Sehensw\u00fcrdigkeiten. Abends im Hotel stand f\u00fcr uns das Abendbuffet bereit.<\/p>\n<p>Am 3. Tag f\u00fchrte uns unser Busfahrer der Firma VLL Reisen zusammen mit einer Tagesg\u00e4stef\u00fchrerin nach Bad Frankenhausen. Es ist eine geschichtstr\u00e4chtige Kleinstadt am S\u00fcdhang des Kyffh\u00e4usergebirges im Norden Th\u00fcringens. Das Panoramamuseum, Das Kyffh\u00e4user Denkmal , mit dem schlafendem Kaiser Barbarossa und die Barbarossah\u00f6hle in Rottleben stand auf dem Tagesprogramm. Bei sch\u00f6nstem Wetter verweilten wir zwischenzeitlich auch gern im Cafe\u00b4 bei Kaffee, Kuchen oder einem Leckeren Eisbecher. Den Abend lie\u00dfen wir bei einem gemeinsamen Abendessen im Hotel ausklingen. Die Zeit verging sehr schnell, so das am letzten die Tag die Heimreise anstand. Sie f\u00fchrte uns von Th\u00fcringen in den Harz. Von dort aus fuhren wir mit der Schmalspurbahn hoch auf dem 1142 m hohen Brocken und konnten bei klarer Sicht das Panorama des Nationalparks Harz bewundern. Nach einem guten Mittagessen in Schierke konnte die Heimreise fortgef\u00fchrt werden. Am Abend kamen alle gl\u00fccklich und zufrieden in S\u00f6gel an. Im Bus diskutierten wir bereits \u00fcber m\u00f6gliche Urlaubsziele f\u00fcr das kommende Jahr, welche wir Ihnen nicht vorenthalten wollen und in n\u00e4herer Zukunft pr\u00e4sentieren.<\/p>\n<p>Text\/Foto: Petra Nortmann, Seniorenzentrum im l\u00e4ndlichen Raum S\u00f6gel e.V.<\/p>\n<p><a href=\"https:\/\/www.forum-soegel.de\/information\/wp-content\/uploads\/2014\/07\/Begleitete-und-betreute-Seniorenfahrt-19.-22.05.2014.jpg\"><img loading=\"lazy\" decoding=\"async\" class=\"alignnone size-medium wp-image-13807\" title=\"Begleitete und betreute Seniorenfahrt, 19.-22.05.2014\" src=\"https:\/\/www.forum-soegel.de\/information\/wp-content\/uploads\/2014\/07\/Begleitete-und-betreute-Seniorenfahrt-19.-22.05.2014-200x300.jpg\" alt=\"\" width=\"200\" height=\"300\" srcset=\"https:\/\/www.forum-soegel.de\/information\/wp-content\/uploads\/2014\/07\/Begleitete-und-betreute-Seniorenfahrt-19.-22.05.2014-200x300.jpg 200w, https:\/\/www.forum-soegel.de\/information\/wp-content\/uploads\/2014\/07\/Begleitete-und-betreute-Seniorenfahrt-19.-22.05.2014.jpg 512w\" sizes=\"auto, (max-width: 200px) 100vw, 200px\" \/><\/a><\/p>\n<p>&nbsp;<\/p>\n","protected":false},"excerpt":{"rendered":"S\u00f6gel &#8211; Unsere begleitete und betreute Seniorenfahrt f\u00fchrte uns in diesem Jahr nach Th\u00fcringen &#8211; Menschen, Kultur und Geschichte. Die erste Station war die Stadt Eisenach oder laut Martin Luther auch \u201eStadt der Liebe\u201c. Hier verlebten wir eine Entdeckungsreise mit einer ortskundigen Reiseleitung. In einem wundersch\u00f6nen Hotel untergebracht besuchten wir am zweiten Tag die Stadt [&hellip;]\n","protected":false},"author":2,"featured_media":0,"comment_status":"closed","ping_status":"closed","sticky":false,"template":"","format":"standard","meta":{"ngg_post_thumbnail":0,"footnotes":""},"categories":[868],"tags":[],"class_list":["post-13806","post","type-post","status-publish","format-standard","hentry","category-zwischen-himmel-und-erde"],"_links":{"self":[{"href":"https:\/\/www.forum-soegel.de\/information\/wp-json\/wp\/v2\/posts\/13806","targetHints":{"allow":["GET"]}}],"collection":[{"href":"https:\/\/www.forum-soegel.de\/information\/wp-json\/wp\/v2\/posts"}],"about":[{"href":"https:\/\/www.forum-soegel.de\/information\/wp-json\/wp\/v2\/types\/post"}],"author":[{"embeddable":true,"href":"https:\/\/www.forum-soegel.de\/information\/wp-json\/wp\/v2\/users\/2"}],"replies":[{"embeddable":true,"href":"https:\/\/www.forum-soegel.de\/information\/wp-json\/wp\/v2\/comments?post=13806"}],"version-history":[{"count":1,"href":"https:\/\/www.forum-soegel.de\/information\/wp-json\/wp\/v2\/posts\/13806\/revisions"}],"predecessor-version":[{"id":13808,"href":"https:\/\/www.forum-soegel.de\/information\/wp-json\/wp\/v2\/posts\/13806\/revisions\/13808"}],"wp:attachment":[{"href":"https:\/\/www.forum-soegel.de\/information\/wp-json\/wp\/v2\/media?parent=13806"}],"wp:term":[{"taxonomy":"category","embeddable":true,"href":"https:\/\/www.forum-soegel.de\/information\/wp-json\/wp\/v2\/categories?post=13806"},{"taxonomy":"post_tag","embeddable":true,"href":"https:\/\/www.forum-soegel.de\/information\/wp-json\/wp\/v2\/tags?post=13806"}],"curies":[{"name":"wp","href":"https:\/\/api.w.org\/{rel}","templated":true}]}}