{"id":13802,"date":"2014-07-15T10:11:41","date_gmt":"2014-07-15T08:11:41","guid":{"rendered":"https:\/\/www.forum-soegel.de\/information\/?p=13802"},"modified":"2014-07-15T10:11:41","modified_gmt":"2014-07-15T08:11:41","slug":"geschichte-erleben","status":"publish","type":"post","link":"https:\/\/www.forum-soegel.de\/information\/2014\/07\/geschichte-erleben\/","title":{"rendered":"Geschichte erleben"},"content":{"rendered":"<p style=\"text-align: left;\" align=\"center\"><strong>Unterwegs auf dem Europ\u00e4ischen Geschichtsweg<\/strong><\/p>\n<p><a href=\"https:\/\/www.forum-soegel.de\/information\/wp-content\/uploads\/2014\/07\/Kolping-S\u00f6gel-Stavern2.jpg\"><img loading=\"lazy\" decoding=\"async\" class=\"alignleft size-thumbnail wp-image-13804\" title=\"Kolping S\u00f6gel Stavern\" src=\"https:\/\/www.forum-soegel.de\/information\/wp-content\/uploads\/2014\/07\/Kolping-S\u00f6gel-Stavern2-150x150.jpg\" alt=\"\" width=\"150\" height=\"150\" srcset=\"https:\/\/www.forum-soegel.de\/information\/wp-content\/uploads\/2014\/07\/Kolping-S\u00f6gel-Stavern2-150x150.jpg 150w, https:\/\/www.forum-soegel.de\/information\/wp-content\/uploads\/2014\/07\/Kolping-S\u00f6gel-Stavern2-300x300.jpg 300w, https:\/\/www.forum-soegel.de\/information\/wp-content\/uploads\/2014\/07\/Kolping-S\u00f6gel-Stavern2-1024x1024.jpg 1024w, https:\/\/www.forum-soegel.de\/information\/wp-content\/uploads\/2014\/07\/Kolping-S\u00f6gel-Stavern2.jpg 1575w\" sizes=\"auto, (max-width: 150px) 100vw, 150px\" \/><\/a>S\u00f6gel &#8211; Gemeinsam mit Heiner Wellenbrock vom Forum S\u00f6gel e.V. begaben sich M\u00e4nner und Frauen unserer Kolpingsfamilie S\u00f6gel-Stavern auf eine Zeitreise durch 2000 Jahre gemeinsamer europ\u00e4ischer Geschichte.<\/p>\n<p>Begonnen wurde in der Geschichtswerkstatt S\u00f6gel. Dort erz\u00e4hlte Heiner Wellenbrock von der Entstehung des Europ\u00e4ischen Geschichtsweges.<\/p>\n<p>Der B\u00fcrger- und Heimatverein Aschendorf stellte in Kooperation mit dem Verein \u201eForum S\u00f6gel e. V.\u201c 40 der auf blauem Grund beschrifteten Stelen aus Edelstahl mit Informationstafeln in 5 Sprachen im Ortskern der Gemeinde S\u00f6gel auf. Der Abstand der Stelen symbolisiert den zeitlichen Abstand der Ereignisse.<\/p>\n<p>Sie sind viermal unterbrochen durch Stelen mit Texten auf gr\u00fcnem Grund. Diese befassen sich nicht mit deutscher oder europ\u00e4ischer Geschichte, sondern mit Heimatkunde und behandeln die Geschichte S\u00f6gels und des H\u00fcmmlings.<\/p>\n<p>Berichtet wird auf den Tafeln \u00fcber weltpolitisch wichtige Ereignisse von 900 v. Chr. bis in die heutige Zeit. Es lohnt sich allemal, den Weg einmal in Mu\u00dfe \u201ezu erwandern\u201c. Im Anschluss trafen sich alle zu einem gem\u00fctlichen Abschluss bei Grillwurst und Kaltgetr\u00e4nken im Pfarrgarten.<\/p>\n<p>Text: Maria Wilmes \/ Foto: Martin M\u00f6dden<\/p>\n<div id=\"attachment_13803\" style=\"width: 310px\" class=\"wp-caption alignnone\"><a href=\"https:\/\/www.forum-soegel.de\/information\/wp-content\/uploads\/2014\/07\/Geschichte-erleben.jpg\"><img loading=\"lazy\" decoding=\"async\" aria-describedby=\"caption-attachment-13803\" class=\"size-medium wp-image-13803\" title=\"Geschichte erleben\" src=\"https:\/\/www.forum-soegel.de\/information\/wp-content\/uploads\/2014\/07\/Geschichte-erleben-300x225.jpg\" alt=\"\" width=\"300\" height=\"225\" srcset=\"https:\/\/www.forum-soegel.de\/information\/wp-content\/uploads\/2014\/07\/Geschichte-erleben-300x225.jpg 300w, https:\/\/www.forum-soegel.de\/information\/wp-content\/uploads\/2014\/07\/Geschichte-erleben.jpg 1024w\" sizes=\"auto, (max-width: 300px) 100vw, 300px\" \/><\/a><p id=\"caption-attachment-13803\" class=\"wp-caption-text\">Die Gruppe an einer Stele an der Schule am Schloss<\/p><\/div>\n<p>&nbsp;<\/p>\n","protected":false},"excerpt":{"rendered":"Unterwegs auf dem Europ\u00e4ischen Geschichtsweg S\u00f6gel &#8211; Gemeinsam mit Heiner Wellenbrock vom Forum S\u00f6gel e.V. begaben sich M\u00e4nner und Frauen unserer Kolpingsfamilie S\u00f6gel-Stavern auf eine Zeitreise durch 2000 Jahre gemeinsamer europ\u00e4ischer Geschichte. Begonnen wurde in der Geschichtswerkstatt S\u00f6gel. Dort erz\u00e4hlte Heiner Wellenbrock von der Entstehung des Europ\u00e4ischen Geschichtsweges. Der B\u00fcrger- und Heimatverein Aschendorf stellte in [&hellip;]\n","protected":false},"author":2,"featured_media":0,"comment_status":"closed","ping_status":"closed","sticky":false,"template":"","format":"standard","meta":{"ngg_post_thumbnail":0,"footnotes":""},"categories":[868],"tags":[],"class_list":["post-13802","post","type-post","status-publish","format-standard","hentry","category-zwischen-himmel-und-erde"],"_links":{"self":[{"href":"https:\/\/www.forum-soegel.de\/information\/wp-json\/wp\/v2\/posts\/13802","targetHints":{"allow":["GET"]}}],"collection":[{"href":"https:\/\/www.forum-soegel.de\/information\/wp-json\/wp\/v2\/posts"}],"about":[{"href":"https:\/\/www.forum-soegel.de\/information\/wp-json\/wp\/v2\/types\/post"}],"author":[{"embeddable":true,"href":"https:\/\/www.forum-soegel.de\/information\/wp-json\/wp\/v2\/users\/2"}],"replies":[{"embeddable":true,"href":"https:\/\/www.forum-soegel.de\/information\/wp-json\/wp\/v2\/comments?post=13802"}],"version-history":[{"count":1,"href":"https:\/\/www.forum-soegel.de\/information\/wp-json\/wp\/v2\/posts\/13802\/revisions"}],"predecessor-version":[{"id":13805,"href":"https:\/\/www.forum-soegel.de\/information\/wp-json\/wp\/v2\/posts\/13802\/revisions\/13805"}],"wp:attachment":[{"href":"https:\/\/www.forum-soegel.de\/information\/wp-json\/wp\/v2\/media?parent=13802"}],"wp:term":[{"taxonomy":"category","embeddable":true,"href":"https:\/\/www.forum-soegel.de\/information\/wp-json\/wp\/v2\/categories?post=13802"},{"taxonomy":"post_tag","embeddable":true,"href":"https:\/\/www.forum-soegel.de\/information\/wp-json\/wp\/v2\/tags?post=13802"}],"curies":[{"name":"wp","href":"https:\/\/api.w.org\/{rel}","templated":true}]}}