{"id":13798,"date":"2014-07-15T10:09:11","date_gmt":"2014-07-15T08:09:11","guid":{"rendered":"https:\/\/www.forum-soegel.de\/information\/?p=13798"},"modified":"2014-07-15T10:09:11","modified_gmt":"2014-07-15T08:09:11","slug":"kolping-bundesvorsitzender-besucht-europaburo-in-sogel","status":"publish","type":"post","link":"https:\/\/www.forum-soegel.de\/information\/2014\/07\/kolping-bundesvorsitzender-besucht-europaburo-in-sogel\/","title":{"rendered":"Kolping-Bundesvorsitzender besucht Europab\u00fcro in S\u00f6gel"},"content":{"rendered":"<p><strong><a href=\"https:\/\/www.forum-soegel.de\/information\/wp-content\/uploads\/2014\/07\/Kolping-S\u00f6gel-Stavern1.jpg\"><img loading=\"lazy\" decoding=\"async\" class=\"alignleft size-thumbnail wp-image-13799\" title=\"Kolping S\u00f6gel Stavern\" src=\"https:\/\/www.forum-soegel.de\/information\/wp-content\/uploads\/2014\/07\/Kolping-S\u00f6gel-Stavern1-150x150.jpg\" alt=\"\" width=\"150\" height=\"150\" srcset=\"https:\/\/www.forum-soegel.de\/information\/wp-content\/uploads\/2014\/07\/Kolping-S\u00f6gel-Stavern1-150x150.jpg 150w, https:\/\/www.forum-soegel.de\/information\/wp-content\/uploads\/2014\/07\/Kolping-S\u00f6gel-Stavern1-300x300.jpg 300w, https:\/\/www.forum-soegel.de\/information\/wp-content\/uploads\/2014\/07\/Kolping-S\u00f6gel-Stavern1-1024x1024.jpg 1024w, https:\/\/www.forum-soegel.de\/information\/wp-content\/uploads\/2014\/07\/Kolping-S\u00f6gel-Stavern1.jpg 1575w\" sizes=\"auto, (max-width: 150px) 100vw, 150px\" \/><\/a>S\u00f6gel &#8211; <\/strong>Der Bundesvorsitzende des Kolpingwerks Deutschland, Thomas D\u00f6rflinger, besuchte das Kolping-Europab\u00fcro f\u00fcr ausl\u00e4ndische Arbeitnehmer in S\u00f6gel. Der 48-j\u00e4hrige D\u00f6rflinger, der seit 1998 f\u00fcr die CDU im Deutschen Bundestag sitzt, lobte die Integrationsarbeit in S\u00f6gel und im Europab\u00fcro. Wilfried Ripperda, Vorsitzender des Kolping-Bildungswerks, zeigte sich \u00fcberrascht von der \u201eso guten Akzeptanz des B\u00fcros durch die ausl\u00e4ndischen Arbeitnehmer\u201c und dankte den Mitarbeiterinnen dort f\u00fcr ihre Arbeit. \u201eWir m\u00fcssen dar\u00fcber nachdenken, ob wir im Emsland nicht noch andere B\u00fcros einrichten\u201c, blickte er in die Zukunft. S\u00f6gels Pfarrer Bernhard Horstmann erkannte in der r\u00e4umlichen N\u00e4he des Europab\u00fcros zur Caritas-Beratungsstelle einen positiven Effekt. Au\u00dferdem wies er auf rum\u00e4nisch-orthodoxe Gottesdienste sowie auf eine Kaffeetafel f\u00fcr Familien und Alleinstehende hin, die einmal im Monat im Jakobus-Haus stattf\u00e4nde.<\/p>\n<p>S\u00f6gels Samtgemeindeb\u00fcrgermeister G\u00fcnter Wigbers zeigte aber auch die Grenzen des B\u00fcros auf: \u201eWir greifen viele Themen auf, k\u00f6nnen aber nicht alles l\u00f6sen.\u201c Er kritisierte auch den Umgang der Werksvertragsunternehmen mit ihren Arbeitern. Die Unternehmen sollten wissen, dass sie unter Gemeindebeobachtung st\u00e4nden.<\/p>\n<p>D\u00f6rflinger selbst forderte, dar\u00fcber nachzudenken, ob bundesweit oder zumindest in den Brennpunkten Europab\u00fcros eingerichtet werden k\u00f6nnten.<\/p>\n<p>Text\/Foto: Helmut Diers<\/p>\n<p><a href=\"https:\/\/www.forum-soegel.de\/information\/wp-content\/uploads\/2014\/07\/Kolping-Bundesvorsitzender-besucht-Europab\u00fcro-in-S\u00f6gel.jpg\"><img loading=\"lazy\" decoding=\"async\" class=\"alignnone size-medium wp-image-13800\" title=\"Kolping-Bundesvorsitzender besucht Europab\u00fcro in S\u00f6gel\" src=\"https:\/\/www.forum-soegel.de\/information\/wp-content\/uploads\/2014\/07\/Kolping-Bundesvorsitzender-besucht-Europab\u00fcro-in-S\u00f6gel-300x168.jpg\" alt=\"\" width=\"300\" height=\"168\" srcset=\"https:\/\/www.forum-soegel.de\/information\/wp-content\/uploads\/2014\/07\/Kolping-Bundesvorsitzender-besucht-Europab\u00fcro-in-S\u00f6gel-300x168.jpg 300w, https:\/\/www.forum-soegel.de\/information\/wp-content\/uploads\/2014\/07\/Kolping-Bundesvorsitzender-besucht-Europab\u00fcro-in-S\u00f6gel.jpg 1024w\" sizes=\"auto, (max-width: 300px) 100vw, 300px\" \/><\/a><\/p>\n","protected":false},"excerpt":{"rendered":"S\u00f6gel &#8211; Der Bundesvorsitzende des Kolpingwerks Deutschland, Thomas D\u00f6rflinger, besuchte das Kolping-Europab\u00fcro f\u00fcr ausl\u00e4ndische Arbeitnehmer in S\u00f6gel. Der 48-j\u00e4hrige D\u00f6rflinger, der seit 1998 f\u00fcr die CDU im Deutschen Bundestag sitzt, lobte die Integrationsarbeit in S\u00f6gel und im Europab\u00fcro. Wilfried Ripperda, Vorsitzender des Kolping-Bildungswerks, zeigte sich \u00fcberrascht von der \u201eso guten Akzeptanz des B\u00fcros durch die [&hellip;]\n","protected":false},"author":2,"featured_media":0,"comment_status":"closed","ping_status":"closed","sticky":false,"template":"","format":"standard","meta":{"ngg_post_thumbnail":0,"footnotes":""},"categories":[868],"tags":[],"class_list":["post-13798","post","type-post","status-publish","format-standard","hentry","category-zwischen-himmel-und-erde"],"_links":{"self":[{"href":"https:\/\/www.forum-soegel.de\/information\/wp-json\/wp\/v2\/posts\/13798","targetHints":{"allow":["GET"]}}],"collection":[{"href":"https:\/\/www.forum-soegel.de\/information\/wp-json\/wp\/v2\/posts"}],"about":[{"href":"https:\/\/www.forum-soegel.de\/information\/wp-json\/wp\/v2\/types\/post"}],"author":[{"embeddable":true,"href":"https:\/\/www.forum-soegel.de\/information\/wp-json\/wp\/v2\/users\/2"}],"replies":[{"embeddable":true,"href":"https:\/\/www.forum-soegel.de\/information\/wp-json\/wp\/v2\/comments?post=13798"}],"version-history":[{"count":1,"href":"https:\/\/www.forum-soegel.de\/information\/wp-json\/wp\/v2\/posts\/13798\/revisions"}],"predecessor-version":[{"id":13801,"href":"https:\/\/www.forum-soegel.de\/information\/wp-json\/wp\/v2\/posts\/13798\/revisions\/13801"}],"wp:attachment":[{"href":"https:\/\/www.forum-soegel.de\/information\/wp-json\/wp\/v2\/media?parent=13798"}],"wp:term":[{"taxonomy":"category","embeddable":true,"href":"https:\/\/www.forum-soegel.de\/information\/wp-json\/wp\/v2\/categories?post=13798"},{"taxonomy":"post_tag","embeddable":true,"href":"https:\/\/www.forum-soegel.de\/information\/wp-json\/wp\/v2\/tags?post=13798"}],"curies":[{"name":"wp","href":"https:\/\/api.w.org\/{rel}","templated":true}]}}