{"id":13789,"date":"2014-07-01T10:04:48","date_gmt":"2014-07-01T08:04:48","guid":{"rendered":"https:\/\/www.forum-soegel.de\/information\/?p=13789"},"modified":"2014-07-15T10:05:20","modified_gmt":"2014-07-15T08:05:20","slug":"anpfiff-fur-die-gute-sache","status":"publish","type":"post","link":"https:\/\/www.forum-soegel.de\/information\/2014\/07\/anpfiff-fur-die-gute-sache\/","title":{"rendered":"Anpfiff f\u00fcr die gute Sache!"},"content":{"rendered":"<p style=\"text-align: left;\" align=\"center\"><strong>Gerechtigkeit braucht Mitspieler &#8211; Eine Aktion von Kolping International<\/strong><\/p>\n<p><a href=\"https:\/\/www.forum-soegel.de\/information\/wp-content\/uploads\/2014\/07\/Brasil-20141.jpg\"><img loading=\"lazy\" decoding=\"async\" class=\"alignleft size-full wp-image-13791\" title=\"Brasil 2014\" src=\"https:\/\/www.forum-soegel.de\/information\/wp-content\/uploads\/2014\/07\/Brasil-20141.jpg\" alt=\"\" width=\"143\" height=\"91\" \/><\/a>S\u00f6gel\/Stavern &#8211; \u00a0Ein weltweites Netzwerk der Solidarit\u00e4t: Wir wollen dazu beitragen, eine gerechte Welt zu schaffen, in der jeder die Chance hat, seine F\u00e4higkeiten und Talente zu entwickeln und in W\u00fcrde zu leben.<\/p>\n<p>Mit der Aktion \u201eAnpfiff f\u00fcr die gute Sache!\u201c will Kolping International den Aufbau lebendiger Kolpingsfamilien im WM-Gastgeberland Brasilien begleiten. Es geht nicht nur um Armutsbek\u00e4mpfung, sondern auch darum, die Ursachen der Armut zu bek\u00e4mpfen und \u201eHilfe zur Selbsthilfe\u201c anzubieten.<\/p>\n<p>Hierzu will Kolping Sprachrohr sein f\u00fcr benachteiligte Menschen, Gemeinschaft erfahren lassen und ermutigen, sich in der Gesellschaft zu engagieren.<\/p>\n<p>Aus dem Erl\u00f6s der n\u00e4chsten Altkleidersammlung m\u00f6chte die Kolpingsfamilie S\u00f6gel-Stavern die Aktion von Kolping International finanziell unterst\u00fctzen.<\/p>\n<p>Wer helfen will, kann seine gut erhaltene Gebrauchtkleidung am <strong><em>Samstag, 05. Juli 2014 ab 09:00 Uhr<\/em><\/strong> verpackt und gut sichtbar an den Stra\u00dfenrand der Gemeinden S\u00f6gel und Stavern stellen. Die Kleidung wird von freiwilligen Helfern der Kolpingsfamilie abgeholt. Gebrauchtkleidung kann auch direkt bei der Sammelstelle in S\u00f6gel, Von-Stauffenberg-Stra\u00dfe (ehemaliges Kasernengel\u00e4nde, beim Funkturm) abgegeben werden.<\/p>\n<p>\u00dcbrigens: Freiwillige Helfer werden immer gebraucht! Wer Lust hat, bei den Altkleideraktionen mitzuhelfen, melde sich bitte bei Reimund Mertens, S\u00f6gel, Tel. 05952-3346, oder Willi Eikens, Stavern, Tel. 05965-1220.<\/p>\n<p>Zeigen wir der Armut und Ungerechtigkeit gemeinsam die rote Karte!<\/p>\n<p>Text: Maria Wilmes<\/p>\n<p><a href=\"https:\/\/www.forum-soegel.de\/information\/wp-content\/uploads\/2014\/07\/Kolping-S\u00f6gel-Stavern.jpg\"><img loading=\"lazy\" decoding=\"async\" class=\"alignnone size-medium wp-image-13792\" title=\"Kolping S\u00f6gel Stavern\" src=\"https:\/\/www.forum-soegel.de\/information\/wp-content\/uploads\/2014\/07\/Kolping-S\u00f6gel-Stavern-300x300.jpg\" alt=\"\" width=\"300\" height=\"300\" srcset=\"https:\/\/www.forum-soegel.de\/information\/wp-content\/uploads\/2014\/07\/Kolping-S\u00f6gel-Stavern-300x300.jpg 300w, https:\/\/www.forum-soegel.de\/information\/wp-content\/uploads\/2014\/07\/Kolping-S\u00f6gel-Stavern-150x150.jpg 150w, https:\/\/www.forum-soegel.de\/information\/wp-content\/uploads\/2014\/07\/Kolping-S\u00f6gel-Stavern-1024x1024.jpg 1024w, https:\/\/www.forum-soegel.de\/information\/wp-content\/uploads\/2014\/07\/Kolping-S\u00f6gel-Stavern.jpg 1575w\" sizes=\"auto, (max-width: 300px) 100vw, 300px\" \/><\/a><\/p>\n","protected":false},"excerpt":{"rendered":"Gerechtigkeit braucht Mitspieler &#8211; Eine Aktion von Kolping International S\u00f6gel\/Stavern &#8211; \u00a0Ein weltweites Netzwerk der Solidarit\u00e4t: Wir wollen dazu beitragen, eine gerechte Welt zu schaffen, in der jeder die Chance hat, seine F\u00e4higkeiten und Talente zu entwickeln und in W\u00fcrde zu leben. Mit der Aktion \u201eAnpfiff f\u00fcr die gute Sache!\u201c will Kolping International den Aufbau [&hellip;]\n","protected":false},"author":2,"featured_media":0,"comment_status":"closed","ping_status":"closed","sticky":false,"template":"","format":"standard","meta":{"ngg_post_thumbnail":0,"footnotes":""},"categories":[868],"tags":[],"class_list":["post-13789","post","type-post","status-publish","format-standard","hentry","category-zwischen-himmel-und-erde"],"_links":{"self":[{"href":"https:\/\/www.forum-soegel.de\/information\/wp-json\/wp\/v2\/posts\/13789","targetHints":{"allow":["GET"]}}],"collection":[{"href":"https:\/\/www.forum-soegel.de\/information\/wp-json\/wp\/v2\/posts"}],"about":[{"href":"https:\/\/www.forum-soegel.de\/information\/wp-json\/wp\/v2\/types\/post"}],"author":[{"embeddable":true,"href":"https:\/\/www.forum-soegel.de\/information\/wp-json\/wp\/v2\/users\/2"}],"replies":[{"embeddable":true,"href":"https:\/\/www.forum-soegel.de\/information\/wp-json\/wp\/v2\/comments?post=13789"}],"version-history":[{"count":2,"href":"https:\/\/www.forum-soegel.de\/information\/wp-json\/wp\/v2\/posts\/13789\/revisions"}],"predecessor-version":[{"id":13794,"href":"https:\/\/www.forum-soegel.de\/information\/wp-json\/wp\/v2\/posts\/13789\/revisions\/13794"}],"wp:attachment":[{"href":"https:\/\/www.forum-soegel.de\/information\/wp-json\/wp\/v2\/media?parent=13789"}],"wp:term":[{"taxonomy":"category","embeddable":true,"href":"https:\/\/www.forum-soegel.de\/information\/wp-json\/wp\/v2\/categories?post=13789"},{"taxonomy":"post_tag","embeddable":true,"href":"https:\/\/www.forum-soegel.de\/information\/wp-json\/wp\/v2\/tags?post=13789"}],"curies":[{"name":"wp","href":"https:\/\/api.w.org\/{rel}","templated":true}]}}