{"id":13781,"date":"2014-07-15T09:56:40","date_gmt":"2014-07-15T07:56:40","guid":{"rendered":"https:\/\/www.forum-soegel.de\/information\/?p=13781"},"modified":"2014-07-15T09:56:40","modified_gmt":"2014-07-15T07:56:40","slug":"stillos","status":"publish","type":"post","link":"https:\/\/www.forum-soegel.de\/information\/2014\/07\/stillos\/","title":{"rendered":"Stillos"},"content":{"rendered":"<p>S\u00f6gel &#8211; Bei allem Verst\u00e4ndnis f\u00fcr die emsl\u00e4ndische \u201eMaibaum &#8211; Klaukultur\u201c stellt sich die Frage, ob es unbedingt der Maibaum einer Einrichtung wie\u00a0 \u201eHaus Simeon\u201c sein muss.<\/p>\n<p>Ehrenamtliche Helfer haben f\u00fcr die Bewohnerinnen und Bewohner den Baum geschm\u00fcckt und aufgestellt.<\/p>\n<p>Mitarbeiter haben \u201edrumherum\u201c eine kleine Feier organisiert und Vereine haben f\u00fcr ein Rahmenprogramm gesorgt.<\/p>\n<p>Es w\u00e4re sch\u00f6n, wenn sich die Verantwortlichen im n\u00e4chsten Jahr ehrenamtlich an der Gestaltung und dem Aufstellen des Maibaumes beteiligen.<\/p>\n<p>Text\/Foto Klaus Sch\u00e4ffner<\/p>\n<p><a href=\"https:\/\/www.forum-soegel.de\/information\/wp-content\/uploads\/2014\/07\/Stillos.jpg\"><img loading=\"lazy\" decoding=\"async\" class=\"alignnone size-medium wp-image-13782\" title=\"Stillos\" src=\"https:\/\/www.forum-soegel.de\/information\/wp-content\/uploads\/2014\/07\/Stillos-300x202.jpg\" alt=\"\" width=\"300\" height=\"202\" srcset=\"https:\/\/www.forum-soegel.de\/information\/wp-content\/uploads\/2014\/07\/Stillos-300x202.jpg 300w, https:\/\/www.forum-soegel.de\/information\/wp-content\/uploads\/2014\/07\/Stillos.jpg 1024w\" sizes=\"auto, (max-width: 300px) 100vw, 300px\" \/><\/a><\/p>\n","protected":false},"excerpt":{"rendered":"S\u00f6gel &#8211; Bei allem Verst\u00e4ndnis f\u00fcr die emsl\u00e4ndische \u201eMaibaum &#8211; Klaukultur\u201c stellt sich die Frage, ob es unbedingt der Maibaum einer Einrichtung wie\u00a0 \u201eHaus Simeon\u201c sein muss. Ehrenamtliche Helfer haben f\u00fcr die Bewohnerinnen und Bewohner den Baum geschm\u00fcckt und aufgestellt. Mitarbeiter haben \u201edrumherum\u201c eine kleine Feier organisiert und Vereine haben f\u00fcr ein Rahmenprogramm gesorgt. Es [&hellip;]\n","protected":false},"author":2,"featured_media":0,"comment_status":"closed","ping_status":"closed","sticky":false,"template":"","format":"standard","meta":{"ngg_post_thumbnail":0,"footnotes":""},"categories":[3],"tags":[],"class_list":["post-13781","post","type-post","status-publish","format-standard","hentry","category-aktuelles-aus-der-region"],"_links":{"self":[{"href":"https:\/\/www.forum-soegel.de\/information\/wp-json\/wp\/v2\/posts\/13781","targetHints":{"allow":["GET"]}}],"collection":[{"href":"https:\/\/www.forum-soegel.de\/information\/wp-json\/wp\/v2\/posts"}],"about":[{"href":"https:\/\/www.forum-soegel.de\/information\/wp-json\/wp\/v2\/types\/post"}],"author":[{"embeddable":true,"href":"https:\/\/www.forum-soegel.de\/information\/wp-json\/wp\/v2\/users\/2"}],"replies":[{"embeddable":true,"href":"https:\/\/www.forum-soegel.de\/information\/wp-json\/wp\/v2\/comments?post=13781"}],"version-history":[{"count":1,"href":"https:\/\/www.forum-soegel.de\/information\/wp-json\/wp\/v2\/posts\/13781\/revisions"}],"predecessor-version":[{"id":13783,"href":"https:\/\/www.forum-soegel.de\/information\/wp-json\/wp\/v2\/posts\/13781\/revisions\/13783"}],"wp:attachment":[{"href":"https:\/\/www.forum-soegel.de\/information\/wp-json\/wp\/v2\/media?parent=13781"}],"wp:term":[{"taxonomy":"category","embeddable":true,"href":"https:\/\/www.forum-soegel.de\/information\/wp-json\/wp\/v2\/categories?post=13781"},{"taxonomy":"post_tag","embeddable":true,"href":"https:\/\/www.forum-soegel.de\/information\/wp-json\/wp\/v2\/tags?post=13781"}],"curies":[{"name":"wp","href":"https:\/\/api.w.org\/{rel}","templated":true}]}}