{"id":13774,"date":"2014-07-15T09:51:43","date_gmt":"2014-07-15T07:51:43","guid":{"rendered":"https:\/\/www.forum-soegel.de\/information\/?p=13774"},"modified":"2014-07-15T09:51:43","modified_gmt":"2014-07-15T07:51:43","slug":"wahlhelfer-geehrt","status":"publish","type":"post","link":"https:\/\/www.forum-soegel.de\/information\/2014\/07\/wahlhelfer-geehrt\/","title":{"rendered":"Wahlhelfer geehrt"},"content":{"rendered":"<p>B\u00f6rger &#8211; Besonderes ehrenamtliches Engagement wurde heute im Wahllokal in B\u00f6rger geehrt: Clemens W\u00f6ste, Hubert Westerhoff und Bernd Weber wurden f\u00fcr langj\u00e4hrige Dienste als ehrenamtliche Wahlhelfer vom Wahlleiter der Samtgemeinde S\u00f6gel Hans Nowak und seinem Stellvertreter Ludwig Schmitz Dank und Anerkennung ausgesprochen. Ihnen wurde ein kleines Pr\u00e4sent \u00fcberreicht. W\u00f6ste ist bereits seit 50 Jahren Wahlhelfer in B\u00f6rger, Westerhoff schon 45 Jahre und Weber \u00fcbt das Amt des Wahlhelfers mehr als 41 Jahre aus. \u201eWir haben viele langj\u00e4hrig und zuverl\u00e4ssig t\u00e4tige Wahlhelfer in unserer Samtgemeinde S\u00f6gel,auf die wir bauen k\u00f6nnen. 50 Jahre\u00a0 Dienst ist uns aber eine besondere Ehrung wert\u201c, so Nowak.<\/p>\n<p>Text\/Foto: Ingrid Cloppenburg<\/p>\n<p><a href=\"https:\/\/www.forum-soegel.de\/information\/wp-content\/uploads\/2014\/07\/Wahlhelfer-geehrt.jpg\"><img loading=\"lazy\" decoding=\"async\" class=\"alignnone size-medium wp-image-13775\" title=\"Wahlhelfer geehrt\" src=\"https:\/\/www.forum-soegel.de\/information\/wp-content\/uploads\/2014\/07\/Wahlhelfer-geehrt-300x268.jpg\" alt=\"\" width=\"300\" height=\"268\" srcset=\"https:\/\/www.forum-soegel.de\/information\/wp-content\/uploads\/2014\/07\/Wahlhelfer-geehrt-300x268.jpg 300w, https:\/\/www.forum-soegel.de\/information\/wp-content\/uploads\/2014\/07\/Wahlhelfer-geehrt.jpg 857w\" sizes=\"auto, (max-width: 300px) 100vw, 300px\" \/><\/a><\/p>\n","protected":false},"excerpt":{"rendered":"B\u00f6rger &#8211; Besonderes ehrenamtliches Engagement wurde heute im Wahllokal in B\u00f6rger geehrt: Clemens W\u00f6ste, Hubert Westerhoff und Bernd Weber wurden f\u00fcr langj\u00e4hrige Dienste als ehrenamtliche Wahlhelfer vom Wahlleiter der Samtgemeinde S\u00f6gel Hans Nowak und seinem Stellvertreter Ludwig Schmitz Dank und Anerkennung ausgesprochen. Ihnen wurde ein kleines Pr\u00e4sent \u00fcberreicht. W\u00f6ste ist bereits seit 50 Jahren Wahlhelfer [&hellip;]\n","protected":false},"author":2,"featured_media":0,"comment_status":"closed","ping_status":"closed","sticky":false,"template":"","format":"standard","meta":{"ngg_post_thumbnail":0,"footnotes":""},"categories":[3],"tags":[],"class_list":["post-13774","post","type-post","status-publish","format-standard","hentry","category-aktuelles-aus-der-region"],"_links":{"self":[{"href":"https:\/\/www.forum-soegel.de\/information\/wp-json\/wp\/v2\/posts\/13774","targetHints":{"allow":["GET"]}}],"collection":[{"href":"https:\/\/www.forum-soegel.de\/information\/wp-json\/wp\/v2\/posts"}],"about":[{"href":"https:\/\/www.forum-soegel.de\/information\/wp-json\/wp\/v2\/types\/post"}],"author":[{"embeddable":true,"href":"https:\/\/www.forum-soegel.de\/information\/wp-json\/wp\/v2\/users\/2"}],"replies":[{"embeddable":true,"href":"https:\/\/www.forum-soegel.de\/information\/wp-json\/wp\/v2\/comments?post=13774"}],"version-history":[{"count":1,"href":"https:\/\/www.forum-soegel.de\/information\/wp-json\/wp\/v2\/posts\/13774\/revisions"}],"predecessor-version":[{"id":13776,"href":"https:\/\/www.forum-soegel.de\/information\/wp-json\/wp\/v2\/posts\/13774\/revisions\/13776"}],"wp:attachment":[{"href":"https:\/\/www.forum-soegel.de\/information\/wp-json\/wp\/v2\/media?parent=13774"}],"wp:term":[{"taxonomy":"category","embeddable":true,"href":"https:\/\/www.forum-soegel.de\/information\/wp-json\/wp\/v2\/categories?post=13774"},{"taxonomy":"post_tag","embeddable":true,"href":"https:\/\/www.forum-soegel.de\/information\/wp-json\/wp\/v2\/tags?post=13774"}],"curies":[{"name":"wp","href":"https:\/\/api.w.org\/{rel}","templated":true}]}}