{"id":13771,"date":"2014-07-15T09:50:23","date_gmt":"2014-07-15T07:50:23","guid":{"rendered":"https:\/\/www.forum-soegel.de\/information\/?p=13771"},"modified":"2014-07-15T09:50:23","modified_gmt":"2014-07-15T07:50:23","slug":"standort-fur-den-sogeler-dukatenesel-gesucht","status":"publish","type":"post","link":"https:\/\/www.forum-soegel.de\/information\/2014\/07\/standort-fur-den-sogeler-dukatenesel-gesucht\/","title":{"rendered":"Standort f\u00fcr den S\u00f6geler Dukatenesel gesucht"},"content":{"rendered":"<p>S\u00f6gel &#8211; Im Zuge der Neugestaltung des S\u00f6geler Marktplatzes hat der Rat der Gemeinde S\u00f6gel bisher keine Entscheidung \u00fcber den k\u00fcnftigen Standort des \u201eDukatenesels\u201c getroffen. In der letzten Gemeinderatssitzung wurde mehrheitlich die Auffassung vertreten, die Bev\u00f6lkerung um Vorschl\u00e4ge zu bitten. Wer also einen geeigneten Standortvorschlag f\u00fcr das Kunstwerk hat, sollte diesen im Laufe des Monats Juli bei der Gemeinde (z.H. Gerd Kerssens, Ludmillenhof, 49751 S\u00f6gel, Tel.: 05952-206117, mail: kerssens@soegel.de oder per Facebook \u201eSamtgemeinde S\u00f6gel\u201c) einreichen.<\/p>\n<p>Text: Ingrid Cloppenburg \/ Foto: Samtgemeinde S\u00f6gel<\/p>\n<p><a href=\"https:\/\/www.forum-soegel.de\/information\/wp-content\/uploads\/2014\/07\/Standort-f\u00fcr-den-S\u00f6geler-Dukatenesel-gesucht.jpg\"><img loading=\"lazy\" decoding=\"async\" class=\"alignnone size-medium wp-image-13772\" title=\"Standort f\u00fcr den S\u00f6geler Dukatenesel gesucht\" src=\"https:\/\/www.forum-soegel.de\/information\/wp-content\/uploads\/2014\/07\/Standort-f\u00fcr-den-S\u00f6geler-Dukatenesel-gesucht-300x225.jpg\" alt=\"\" width=\"300\" height=\"225\" srcset=\"https:\/\/www.forum-soegel.de\/information\/wp-content\/uploads\/2014\/07\/Standort-f\u00fcr-den-S\u00f6geler-Dukatenesel-gesucht-300x225.jpg 300w, https:\/\/www.forum-soegel.de\/information\/wp-content\/uploads\/2014\/07\/Standort-f\u00fcr-den-S\u00f6geler-Dukatenesel-gesucht.jpg 1024w\" sizes=\"auto, (max-width: 300px) 100vw, 300px\" \/><\/a><\/p>\n","protected":false},"excerpt":{"rendered":"S\u00f6gel &#8211; Im Zuge der Neugestaltung des S\u00f6geler Marktplatzes hat der Rat der Gemeinde S\u00f6gel bisher keine Entscheidung \u00fcber den k\u00fcnftigen Standort des \u201eDukatenesels\u201c getroffen. In der letzten Gemeinderatssitzung wurde mehrheitlich die Auffassung vertreten, die Bev\u00f6lkerung um Vorschl\u00e4ge zu bitten. Wer also einen geeigneten Standortvorschlag f\u00fcr das Kunstwerk hat, sollte diesen im Laufe des Monats [&hellip;]\n","protected":false},"author":2,"featured_media":0,"comment_status":"closed","ping_status":"closed","sticky":false,"template":"","format":"standard","meta":{"ngg_post_thumbnail":0,"footnotes":""},"categories":[3],"tags":[],"class_list":["post-13771","post","type-post","status-publish","format-standard","hentry","category-aktuelles-aus-der-region"],"_links":{"self":[{"href":"https:\/\/www.forum-soegel.de\/information\/wp-json\/wp\/v2\/posts\/13771","targetHints":{"allow":["GET"]}}],"collection":[{"href":"https:\/\/www.forum-soegel.de\/information\/wp-json\/wp\/v2\/posts"}],"about":[{"href":"https:\/\/www.forum-soegel.de\/information\/wp-json\/wp\/v2\/types\/post"}],"author":[{"embeddable":true,"href":"https:\/\/www.forum-soegel.de\/information\/wp-json\/wp\/v2\/users\/2"}],"replies":[{"embeddable":true,"href":"https:\/\/www.forum-soegel.de\/information\/wp-json\/wp\/v2\/comments?post=13771"}],"version-history":[{"count":1,"href":"https:\/\/www.forum-soegel.de\/information\/wp-json\/wp\/v2\/posts\/13771\/revisions"}],"predecessor-version":[{"id":13773,"href":"https:\/\/www.forum-soegel.de\/information\/wp-json\/wp\/v2\/posts\/13771\/revisions\/13773"}],"wp:attachment":[{"href":"https:\/\/www.forum-soegel.de\/information\/wp-json\/wp\/v2\/media?parent=13771"}],"wp:term":[{"taxonomy":"category","embeddable":true,"href":"https:\/\/www.forum-soegel.de\/information\/wp-json\/wp\/v2\/categories?post=13771"},{"taxonomy":"post_tag","embeddable":true,"href":"https:\/\/www.forum-soegel.de\/information\/wp-json\/wp\/v2\/tags?post=13771"}],"curies":[{"name":"wp","href":"https:\/\/api.w.org\/{rel}","templated":true}]}}