{"id":13767,"date":"2014-07-15T09:48:08","date_gmt":"2014-07-15T07:48:08","guid":{"rendered":"https:\/\/www.forum-soegel.de\/information\/?p=13767"},"modified":"2014-07-15T09:48:08","modified_gmt":"2014-07-15T07:48:08","slug":"sogels-zweiter-neuer-hausarzt-hat-praxis-am-2-juni-eroffnet","status":"publish","type":"post","link":"https:\/\/www.forum-soegel.de\/information\/2014\/07\/sogels-zweiter-neuer-hausarzt-hat-praxis-am-2-juni-eroffnet\/","title":{"rendered":"S\u00f6gels zweiter neuer Hausarzt hat  Praxis am 2. Juni er\u00f6ffnet"},"content":{"rendered":"<p>S\u00f6gel &#8211; Mit Dr. med. Niels-Christian H\u00f6llger hat ein zweiter Facharzt f\u00fcr Allgemeinmedizin innerhalb von nur knapp zwei Monaten eine Hausarztpraxis in S\u00f6gel er\u00f6ffnet. Der 44-j\u00e4hrige Dr. H\u00f6llger war bisher in Gescher, Nordrhein-Westfalen, als Facharzt f\u00fcr Allgemeinmedizin niedergelassen und ist landesweit der erste Mediziner, der im Rahmen einer so genannten Sicherstellungspraxis der Kassen\u00e4rztlichen Vereinigung Niedersachsen (KVN) t\u00e4tig wird. H\u00f6llger nutzt seit dem 2. Juni die Praxisr\u00e4ume des ehemaligen Hausarztes J\u00fcrgen Peters am Pohlkamp in S\u00f6gel. Anfang Oktober wird der Facharzt f\u00fcr Allgemeinmedizin noch einmal umziehen und nach Fertigstellung das \u201e\u00c4rztehaus am Amtsbrunnen\u201c in der M\u00fchlenstra\u00dfe 1 in S\u00f6gel mit Leben f\u00fcllen. B\u00fcrgermeisterin Irmgard Welling (r.) und Gemeindedirektor G\u00fcnter Wigbers (l.) \u00fcberreichten einen Blumenstrau\u00df jeweils an Dr. Niels-Christian H\u00f6llger und Ina Uhlemann (patiodoc AG, Berlin) zur Praxiser\u00f6ffnung und w\u00fcnschten einen guten Start in S\u00f6gel.<\/p>\n<p>Kleiner Hinweis: Telefonnummer der Praxis: 05952-9906640<\/p>\n<p>Text\/Foto: Ingrid Cloppenburg<\/p>\n<p><a href=\"https:\/\/www.forum-soegel.de\/information\/wp-content\/uploads\/2014\/07\/S\u00f6gels-zweiter-neuer-Hausarzt-hat-Praxis-am-2.-Juni-er\u00f6ffnet.jpg\"><img loading=\"lazy\" decoding=\"async\" class=\"alignnone size-medium wp-image-13768\" title=\"S\u00f6gels zweiter neuer Hausarzt hat  Praxis am 2. Juni er\u00f6ffnet\" src=\"https:\/\/www.forum-soegel.de\/information\/wp-content\/uploads\/2014\/07\/S\u00f6gels-zweiter-neuer-Hausarzt-hat-Praxis-am-2.-Juni-er\u00f6ffnet-300x225.jpg\" alt=\"\" width=\"300\" height=\"225\" srcset=\"https:\/\/www.forum-soegel.de\/information\/wp-content\/uploads\/2014\/07\/S\u00f6gels-zweiter-neuer-Hausarzt-hat-Praxis-am-2.-Juni-er\u00f6ffnet-300x225.jpg 300w, https:\/\/www.forum-soegel.de\/information\/wp-content\/uploads\/2014\/07\/S\u00f6gels-zweiter-neuer-Hausarzt-hat-Praxis-am-2.-Juni-er\u00f6ffnet.jpg 1024w\" sizes=\"auto, (max-width: 300px) 100vw, 300px\" \/><\/a><\/p>\n","protected":false},"excerpt":{"rendered":"S\u00f6gel &#8211; Mit Dr. med. Niels-Christian H\u00f6llger hat ein zweiter Facharzt f\u00fcr Allgemeinmedizin innerhalb von nur knapp zwei Monaten eine Hausarztpraxis in S\u00f6gel er\u00f6ffnet. Der 44-j\u00e4hrige Dr. H\u00f6llger war bisher in Gescher, Nordrhein-Westfalen, als Facharzt f\u00fcr Allgemeinmedizin niedergelassen und ist landesweit der erste Mediziner, der im Rahmen einer so genannten Sicherstellungspraxis der Kassen\u00e4rztlichen Vereinigung Niedersachsen [&hellip;]\n","protected":false},"author":2,"featured_media":0,"comment_status":"closed","ping_status":"closed","sticky":false,"template":"","format":"standard","meta":{"ngg_post_thumbnail":0,"footnotes":""},"categories":[3],"tags":[],"class_list":["post-13767","post","type-post","status-publish","format-standard","hentry","category-aktuelles-aus-der-region"],"_links":{"self":[{"href":"https:\/\/www.forum-soegel.de\/information\/wp-json\/wp\/v2\/posts\/13767","targetHints":{"allow":["GET"]}}],"collection":[{"href":"https:\/\/www.forum-soegel.de\/information\/wp-json\/wp\/v2\/posts"}],"about":[{"href":"https:\/\/www.forum-soegel.de\/information\/wp-json\/wp\/v2\/types\/post"}],"author":[{"embeddable":true,"href":"https:\/\/www.forum-soegel.de\/information\/wp-json\/wp\/v2\/users\/2"}],"replies":[{"embeddable":true,"href":"https:\/\/www.forum-soegel.de\/information\/wp-json\/wp\/v2\/comments?post=13767"}],"version-history":[{"count":1,"href":"https:\/\/www.forum-soegel.de\/information\/wp-json\/wp\/v2\/posts\/13767\/revisions"}],"predecessor-version":[{"id":13769,"href":"https:\/\/www.forum-soegel.de\/information\/wp-json\/wp\/v2\/posts\/13767\/revisions\/13769"}],"wp:attachment":[{"href":"https:\/\/www.forum-soegel.de\/information\/wp-json\/wp\/v2\/media?parent=13767"}],"wp:term":[{"taxonomy":"category","embeddable":true,"href":"https:\/\/www.forum-soegel.de\/information\/wp-json\/wp\/v2\/categories?post=13767"},{"taxonomy":"post_tag","embeddable":true,"href":"https:\/\/www.forum-soegel.de\/information\/wp-json\/wp\/v2\/tags?post=13767"}],"curies":[{"name":"wp","href":"https:\/\/api.w.org\/{rel}","templated":true}]}}