{"id":13762,"date":"2014-07-15T09:44:05","date_gmt":"2014-07-15T07:44:05","guid":{"rendered":"https:\/\/www.forum-soegel.de\/information\/?p=13762"},"modified":"2014-07-15T09:44:05","modified_gmt":"2014-07-15T07:44:05","slug":"%e2%80%9esie-konnen-es%e2%80%9c-zumindestens-in-sogel","status":"publish","type":"post","link":"https:\/\/www.forum-soegel.de\/information\/2014\/07\/%e2%80%9esie-konnen-es%e2%80%9c-zumindestens-in-sogel\/","title":{"rendered":"\u201eSie k\u00f6nnen es\u201c  &#8211; zumindestens in S\u00f6gel"},"content":{"rendered":"<p style=\"text-align: left;\" align=\"center\"><strong>Das erste Mauergedicht<\/strong><\/p>\n<p style=\"text-align: left;\" align=\"center\"><strong><\/strong>S\u00f6gel &#8211; \u201eWenn diese W\u00e4nde reden k\u00f6nnten\u201c lautet ein alter Spruch, der mit der Enth\u00fcllung des \u201eMauergedichtes\u201c in S\u00f6gel eine weitere Bedeutung bekommt. Am 08. Mai wurde das erste dieser lyrischen Werke an der Giebelseite eines Wohnhauses in der Bergstra\u00dfe 9 feierlich enth\u00fcllt. Weitere sollen folgen. Eigent\u00fcmerin des Hauses und Ideengeberin des Projekts \u00a0ist die Deutsch &#8211; Niederl\u00e4nderin Christiane Bangert. Sie wohnt mit ihrer Familie seit 2006 in S\u00f6gel. Zuvor hatte sie einige Jahrzehnte in Leiden gelebt. Die Stadt Leiden ist weit \u00fcber die Grenzen der Niederlande bekannt f\u00fcr ihre \u00fcber 100 sogenannten \u201eMuurgedichten\u201c \u00a0an Hausw\u00e4nden.<\/p>\n<p>Gestartet wurde das Projekt in S\u00f6gel auf Initiative kulturinteressierter B\u00fcrger.<\/p>\n<p>Dieses erste Gedicht stammt aus der Feder des Songpoeten Willi Ennulat aus L\u00e4hden. Die Auswahl weiterer Werke hat ein Arbeitskreis getroffen, dem neben Bangert, \u00a0Irene Schmidt vom Literaturkreis S\u00f6gel, die Lehrer Hans-Gerd Poelmann und Georg Jansen, Pastor Matthias Voss und Ingrid Cloppenburg von der Gemeindeverwaltung angeh\u00f6ren.<\/p>\n<p>\u201eEs sollen\u00a0 Gedichte mit Niveau sein, die Bestand haben und aktuell sind\u201c, so Cloppenburg.<\/p>\n<p>Arbeitskreismitglied Poelmann erg\u00e4nzt, die Hauswandlyrik solle ihre Betrachter \u201eanregen, anr\u00fchren, aufregen\u201c, Stellungnahmen provozieren sowie Heimat bedeuten, auch f\u00fcr Menschen, die von weit her nach S\u00f6gel kommen.<\/p>\n<p>Deshalb, so Poelmann weiter, \u00a0wird es auch Gedichte in anderen Sprachen geben. Unterst\u00fctzung findet \u00a0das Projekt \u00a0auch von den Berufsbildenden Schulen Papenburg, dem A+W Bildungszentrum S\u00f6gel und der Gemeinde.<\/p>\n<p>S\u00f6gel hat mit diesem ersten Mauergedicht neben seinen vielf\u00e4ltigen k\u00fcnstlerischen und kulturellen Angeboten einen weiteren Schritt in Richtung \u201eemsl\u00e4ndische K\u00fcnstlerkolonie\u201c unternommen.<\/p>\n<p>Text\/Foto: Klaus Sch\u00e4ffner<\/p>\n<p><a href=\"https:\/\/www.forum-soegel.de\/information\/wp-content\/uploads\/2014\/07\/Sie-k\u00f6nnen-es-zumindestens-in-S\u00f6gel.jpg\"><img loading=\"lazy\" decoding=\"async\" class=\"alignnone size-medium wp-image-13763\" title=\"Sie k\u00f6nnen es zumindestens in S\u00f6gel\" src=\"https:\/\/www.forum-soegel.de\/information\/wp-content\/uploads\/2014\/07\/Sie-k\u00f6nnen-es-zumindestens-in-S\u00f6gel-201x300.jpg\" alt=\"\" width=\"201\" height=\"300\" srcset=\"https:\/\/www.forum-soegel.de\/information\/wp-content\/uploads\/2014\/07\/Sie-k\u00f6nnen-es-zumindestens-in-S\u00f6gel-201x300.jpg 201w, https:\/\/www.forum-soegel.de\/information\/wp-content\/uploads\/2014\/07\/Sie-k\u00f6nnen-es-zumindestens-in-S\u00f6gel.jpg 516w\" sizes=\"auto, (max-width: 201px) 100vw, 201px\" \/><\/a><\/p>\n","protected":false},"excerpt":{"rendered":"Das erste Mauergedicht S\u00f6gel &#8211; \u201eWenn diese W\u00e4nde reden k\u00f6nnten\u201c lautet ein alter Spruch, der mit der Enth\u00fcllung des \u201eMauergedichtes\u201c in S\u00f6gel eine weitere Bedeutung bekommt. Am 08. Mai wurde das erste dieser lyrischen Werke an der Giebelseite eines Wohnhauses in der Bergstra\u00dfe 9 feierlich enth\u00fcllt. Weitere sollen folgen. Eigent\u00fcmerin des Hauses und Ideengeberin des [&hellip;]\n","protected":false},"author":2,"featured_media":0,"comment_status":"closed","ping_status":"closed","sticky":false,"template":"","format":"standard","meta":{"ngg_post_thumbnail":0,"footnotes":""},"categories":[3],"tags":[],"class_list":["post-13762","post","type-post","status-publish","format-standard","hentry","category-aktuelles-aus-der-region"],"_links":{"self":[{"href":"https:\/\/www.forum-soegel.de\/information\/wp-json\/wp\/v2\/posts\/13762","targetHints":{"allow":["GET"]}}],"collection":[{"href":"https:\/\/www.forum-soegel.de\/information\/wp-json\/wp\/v2\/posts"}],"about":[{"href":"https:\/\/www.forum-soegel.de\/information\/wp-json\/wp\/v2\/types\/post"}],"author":[{"embeddable":true,"href":"https:\/\/www.forum-soegel.de\/information\/wp-json\/wp\/v2\/users\/2"}],"replies":[{"embeddable":true,"href":"https:\/\/www.forum-soegel.de\/information\/wp-json\/wp\/v2\/comments?post=13762"}],"version-history":[{"count":1,"href":"https:\/\/www.forum-soegel.de\/information\/wp-json\/wp\/v2\/posts\/13762\/revisions"}],"predecessor-version":[{"id":13764,"href":"https:\/\/www.forum-soegel.de\/information\/wp-json\/wp\/v2\/posts\/13762\/revisions\/13764"}],"wp:attachment":[{"href":"https:\/\/www.forum-soegel.de\/information\/wp-json\/wp\/v2\/media?parent=13762"}],"wp:term":[{"taxonomy":"category","embeddable":true,"href":"https:\/\/www.forum-soegel.de\/information\/wp-json\/wp\/v2\/categories?post=13762"},{"taxonomy":"post_tag","embeddable":true,"href":"https:\/\/www.forum-soegel.de\/information\/wp-json\/wp\/v2\/tags?post=13762"}],"curies":[{"name":"wp","href":"https:\/\/api.w.org\/{rel}","templated":true}]}}