{"id":13756,"date":"2014-07-01T00:12:31","date_gmt":"2014-06-30T22:12:31","guid":{"rendered":"https:\/\/www.forum-soegel.de\/information\/?p=13756"},"modified":"2014-07-15T09:40:44","modified_gmt":"2014-07-15T07:40:44","slug":"neuer-spielplatz-fur-generationen-in-sogel-fertig","status":"publish","type":"post","link":"https:\/\/www.forum-soegel.de\/information\/2014\/07\/neuer-spielplatz-fur-generationen-in-sogel-fertig\/","title":{"rendered":"Neuer Spielplatz f\u00fcr Generationen in S\u00f6gel fertig"},"content":{"rendered":"<p>S\u00f6gel &#8211; Der neue Mehrgenerationenspielplatz der Gemeinde S\u00f6gel am Sporthaus des SV Sigiltra mit Seilparcours, Kletterger\u00fcsten und Schwebebalken ist fertig. Mit einem Grill- und Kl\u00f6nabend wurde der Platz am Hermann-M\u00f6hlenkamp-Weg nun offiziell seiner Bestimmung \u00fcbergeben.<\/p>\n<p>Kinder und Jugendliche warteten die offizielle Inbetriebnahme allerdings erst gar nicht ab. Sie hatten das weitl\u00e4ufige Gel\u00e4nde schon vorher in Beschlag genommen.<\/p>\n<p>\u201eDer neue Spielplatz ist eine wunderbare Abrundung hier im Sportpark mit Sporthaus, Fu\u00dfballpl\u00e4tzen, Freibad, Tennispl\u00e4tzen und Turnhalle\u201c, geriet S\u00f6gels B\u00fcrgermeisterin Irmgard Welling (CDU) bei der Er\u00f6ffnung regelrecht ins Schw\u00e4rmen. Die Altersstruktur der Bev\u00f6lkerung habe sich ver\u00e4ndert, die Anspr\u00fcche der Menschen sich ge\u00e4ndert. \u201eDa ist ein Mehrgenerationenspielplatz eine M\u00f6glichkeit, das Jung und Alt aufeinandertreffen, sich begegnen und miteinander etwas erleben k\u00f6nnen. Hier sind Ger\u00e4tschaften aufgestellt, die f\u00fcr Kinder, Jugendliche, Erwachsene und \u00e4ltere Mitb\u00fcrger gedacht sind\u201c, sagte Welling.<\/p>\n<p>Die B\u00fcrgermeisterin dankte ganz besonders Sven Kammeyer vom Kreissportbund Emsland, der \u201eviele Ideen in das Konzept gebracht\u201c habe. Dank zollte Welling auch den \u201eVision\u00e4ren\u201c Alfons Robbe und Lucky Wilmes und ihrem Arbeitskreis mit Simone Bartnick, Nicole Harde und Norbert Deters, denen \u201ees zu verdanken ist, dass wir heute hier stehen\u201c.<\/p>\n<p>Von der Idee bis zur Feststellung dauerte es rund ein Jahr. Das unbebaute Grundst\u00fcck stellte die Gemeinde zur Verf\u00fcgung. Die Kosten von rund 45000 Euro wurden abgedeckt durch 18000 Euro von der Gemeinde S\u00f6gel, durch EU-Mittel aus dem Leader-Programm (17650 Euro) \u00fcber das Landesamt f\u00fcr Geoinformation und Liegenschaften sowie durch 9000 Euro von der S\u00f6geler Utecht-Stiftung. Den Rest deckte der SV Sigiltra S\u00f6gel ab. \u201eDas haben wir gern getan. Der Platz ist eine Bereicherung f\u00fcr unser Sportgel\u00e4nde\u201c, betonte Sigiltra-Vorsitzender Dieter Brant.<\/p>\n<p>Text\/Foto: Helmut Diers, Ems-Zeitung<\/p>\n<p><a href=\"https:\/\/www.forum-soegel.de\/information\/wp-content\/uploads\/2014\/07\/Neuer-Spielplatz-f\u00fcr-Generationen-in-S\u00f6gel-fertig.jpg\"><img loading=\"lazy\" decoding=\"async\" class=\"alignleft size-medium wp-image-13760\" title=\"Neuer Spielplatz f\u00fcr Generationen in S\u00f6gel fertig\" src=\"https:\/\/www.forum-soegel.de\/information\/wp-content\/uploads\/2014\/07\/Neuer-Spielplatz-f\u00fcr-Generationen-in-S\u00f6gel-fertig-300x168.jpg\" alt=\"\" width=\"300\" height=\"168\" srcset=\"https:\/\/www.forum-soegel.de\/information\/wp-content\/uploads\/2014\/07\/Neuer-Spielplatz-f\u00fcr-Generationen-in-S\u00f6gel-fertig-300x168.jpg 300w, https:\/\/www.forum-soegel.de\/information\/wp-content\/uploads\/2014\/07\/Neuer-Spielplatz-f\u00fcr-Generationen-in-S\u00f6gel-fertig.jpg 1024w\" sizes=\"auto, (max-width: 300px) 100vw, 300px\" \/><\/a><\/p>\n","protected":false},"excerpt":{"rendered":"S\u00f6gel &#8211; Der neue Mehrgenerationenspielplatz der Gemeinde S\u00f6gel am Sporthaus des SV Sigiltra mit Seilparcours, Kletterger\u00fcsten und Schwebebalken ist fertig. Mit einem Grill- und Kl\u00f6nabend wurde der Platz am Hermann-M\u00f6hlenkamp-Weg nun offiziell seiner Bestimmung \u00fcbergeben. Kinder und Jugendliche warteten die offizielle Inbetriebnahme allerdings erst gar nicht ab. Sie hatten das weitl\u00e4ufige Gel\u00e4nde schon vorher in [&hellip;]\n","protected":false},"author":2,"featured_media":0,"comment_status":"closed","ping_status":"closed","sticky":false,"template":"","format":"standard","meta":{"ngg_post_thumbnail":0,"footnotes":""},"categories":[3],"tags":[],"class_list":["post-13756","post","type-post","status-publish","format-standard","hentry","category-aktuelles-aus-der-region"],"_links":{"self":[{"href":"https:\/\/www.forum-soegel.de\/information\/wp-json\/wp\/v2\/posts\/13756","targetHints":{"allow":["GET"]}}],"collection":[{"href":"https:\/\/www.forum-soegel.de\/information\/wp-json\/wp\/v2\/posts"}],"about":[{"href":"https:\/\/www.forum-soegel.de\/information\/wp-json\/wp\/v2\/types\/post"}],"author":[{"embeddable":true,"href":"https:\/\/www.forum-soegel.de\/information\/wp-json\/wp\/v2\/users\/2"}],"replies":[{"embeddable":true,"href":"https:\/\/www.forum-soegel.de\/information\/wp-json\/wp\/v2\/comments?post=13756"}],"version-history":[{"count":2,"href":"https:\/\/www.forum-soegel.de\/information\/wp-json\/wp\/v2\/posts\/13756\/revisions"}],"predecessor-version":[{"id":13761,"href":"https:\/\/www.forum-soegel.de\/information\/wp-json\/wp\/v2\/posts\/13756\/revisions\/13761"}],"wp:attachment":[{"href":"https:\/\/www.forum-soegel.de\/information\/wp-json\/wp\/v2\/media?parent=13756"}],"wp:term":[{"taxonomy":"category","embeddable":true,"href":"https:\/\/www.forum-soegel.de\/information\/wp-json\/wp\/v2\/categories?post=13756"},{"taxonomy":"post_tag","embeddable":true,"href":"https:\/\/www.forum-soegel.de\/information\/wp-json\/wp\/v2\/tags?post=13756"}],"curies":[{"name":"wp","href":"https:\/\/api.w.org\/{rel}","templated":true}]}}