{"id":13753,"date":"2014-07-01T00:08:36","date_gmt":"2014-06-30T22:08:36","guid":{"rendered":"https:\/\/www.forum-soegel.de\/information\/?p=13753"},"modified":"2014-07-15T09:52:26","modified_gmt":"2014-07-15T07:52:26","slug":"neue-volontarin-am-emslandmuseum-schloss-clemenswerth","status":"publish","type":"post","link":"https:\/\/www.forum-soegel.de\/information\/2014\/07\/neue-volontarin-am-emslandmuseum-schloss-clemenswerth\/","title":{"rendered":"Neue Volont\u00e4rin am Emslandmuseum Schloss Clemenswerth"},"content":{"rendered":"<p><a href=\"https:\/\/www.forum-soegel.de\/information\/wp-content\/uploads\/2014\/06\/Schloss-Clemenswerth1.jpg\"><img loading=\"lazy\" decoding=\"async\" class=\"alignleft size-full wp-image-13754\" title=\"Schloss Clemenswerth\" src=\"https:\/\/www.forum-soegel.de\/information\/wp-content\/uploads\/2014\/06\/Schloss-Clemenswerth1.jpg\" alt=\"\" width=\"201\" height=\"130\" \/><\/a>S\u00f6gel &#8211; Am Emslandmuseum Schloss Clemenswerth wird der Vermittlungsarbeit seit der Neuaufstellung des Hauses im Jahre 2008 besonderes Gewicht beigemessen. Entsprechend vielf\u00e4ltig ist seit sechs Jahren das Programm aufgebaut geworden. Das Angebot reicht von klassischen Schlossf\u00fchrungen \u00fcber Themenf\u00fchrungen, Schatzsuchen und Geburtstagen bis hin zu Angeboten und Projekten f\u00fcr Kinderg\u00e4rten und Schulklassen. \u201eMehrere Auszeichnungen best\u00e4tigen die Qualit\u00e4t und Innovation der Vermittlungsarbeit auf Schloss Clemenswerth\u201c, unterstreicht Hermann Br\u00f6ring (Vorsitzender des Emsl\u00e4ndischen Heimatbundes e.V.). Dabei handelt es sich bisher um Projekte, die auf Kinder und Jugendliche zugeschnitten sind. Mit der neuen Volont\u00e4rin Anne B\u00fcssgen (31 Jahre) soll sich das \u00e4ndern. B\u00fcssgen hat in M\u00fcnster Kunstgeschichte, Philosophie und Soziologie studiert sowie eine einj\u00e4hrige museumsp\u00e4dagogische Fortbildung absolviert. Erste Museumserfahrungen sammelte sie im LWL-Museum f\u00fcr Kunst und Kultur in M\u00fcnster. Ihr Arbeitsschwerpunkt soll bei der Konzipierung und Umsetzung von Programmen liegen, die zielgerichtet die Gruppe der \u00e4lteren Museumsbesucher anspricht. Damit wird im Emslandmuseum eine Zielgruppe\u00a0 in den Fokus genommen, die nicht nur eine der besucherst\u00e4rksten ist, sondern ebenso wie alle anderen Zielgruppen spezielle Bed\u00fcrfnisse und W\u00fcnsche hat. Museumsdirektor Oliver Fok wei\u00df aus eigener F\u00fchrungserfahrung zu berichten: \u201eSenioren w\u00fcnschen sich nicht nur klassische F\u00fchrungsformate, sondern wollen eingebunden werden und gerne auch aktiv mitmachen. Das pers\u00f6nliche Gespr\u00e4ch ist hier besonders wichtig.\u201c So wird beispielsweise das Kunstgespr\u00e4ch, das sich im Begleitprogramm der Ausstellungsreihe ForumFormClemenswerth findet, besonders gut von Senioren angenommen. \u201eHier wird eine halbe Stunde durch die Ausstellung gef\u00fchrt und eine halbe Stunde gekl\u00f6nt\u201c, so Fok weiter. Das Museum tr\u00e4gt damit dem demografischen Wandel Rechnung und ist sich sicher, dass die neuen Programme ebenso gut von den Senioren angenommen werden wie die bereits existierenden Angebote.<\/p>\n<p>Text: Ramona Krons \/ Foto: Emslandmuseum Schloss Clemenswerth<\/p>\n<p><a href=\"https:\/\/www.forum-soegel.de\/information\/wp-content\/uploads\/2014\/07\/Neue-Volont\u00e4rin-am-Emslandmuseum-Schloss-Clemenswerth.jpg\"><img loading=\"lazy\" decoding=\"async\" class=\"alignnone size-medium wp-image-13778\" title=\"Neue Volont\u00e4rin am Emslandmuseum Schloss Clemenswerth\" src=\"https:\/\/www.forum-soegel.de\/information\/wp-content\/uploads\/2014\/07\/Neue-Volont\u00e4rin-am-Emslandmuseum-Schloss-Clemenswerth-300x244.jpg\" alt=\"\" width=\"300\" height=\"244\" srcset=\"https:\/\/www.forum-soegel.de\/information\/wp-content\/uploads\/2014\/07\/Neue-Volont\u00e4rin-am-Emslandmuseum-Schloss-Clemenswerth-300x244.jpg 300w, https:\/\/www.forum-soegel.de\/information\/wp-content\/uploads\/2014\/07\/Neue-Volont\u00e4rin-am-Emslandmuseum-Schloss-Clemenswerth.jpg 943w\" sizes=\"auto, (max-width: 300px) 100vw, 300px\" \/><\/a><\/p>\n<p>&nbsp;<\/p>\n","protected":false},"excerpt":{"rendered":"S\u00f6gel &#8211; Am Emslandmuseum Schloss Clemenswerth wird der Vermittlungsarbeit seit der Neuaufstellung des Hauses im Jahre 2008 besonderes Gewicht beigemessen. Entsprechend vielf\u00e4ltig ist seit sechs Jahren das Programm aufgebaut geworden. Das Angebot reicht von klassischen Schlossf\u00fchrungen \u00fcber Themenf\u00fchrungen, Schatzsuchen und Geburtstagen bis hin zu Angeboten und Projekten f\u00fcr Kinderg\u00e4rten und Schulklassen. \u201eMehrere Auszeichnungen best\u00e4tigen die [&hellip;]\n","protected":false},"author":2,"featured_media":0,"comment_status":"closed","ping_status":"closed","sticky":false,"template":"","format":"standard","meta":{"ngg_post_thumbnail":0,"footnotes":""},"categories":[3],"tags":[],"class_list":["post-13753","post","type-post","status-publish","format-standard","hentry","category-aktuelles-aus-der-region"],"_links":{"self":[{"href":"https:\/\/www.forum-soegel.de\/information\/wp-json\/wp\/v2\/posts\/13753","targetHints":{"allow":["GET"]}}],"collection":[{"href":"https:\/\/www.forum-soegel.de\/information\/wp-json\/wp\/v2\/posts"}],"about":[{"href":"https:\/\/www.forum-soegel.de\/information\/wp-json\/wp\/v2\/types\/post"}],"author":[{"embeddable":true,"href":"https:\/\/www.forum-soegel.de\/information\/wp-json\/wp\/v2\/users\/2"}],"replies":[{"embeddable":true,"href":"https:\/\/www.forum-soegel.de\/information\/wp-json\/wp\/v2\/comments?post=13753"}],"version-history":[{"count":3,"href":"https:\/\/www.forum-soegel.de\/information\/wp-json\/wp\/v2\/posts\/13753\/revisions"}],"predecessor-version":[{"id":13780,"href":"https:\/\/www.forum-soegel.de\/information\/wp-json\/wp\/v2\/posts\/13753\/revisions\/13780"}],"wp:attachment":[{"href":"https:\/\/www.forum-soegel.de\/information\/wp-json\/wp\/v2\/media?parent=13753"}],"wp:term":[{"taxonomy":"category","embeddable":true,"href":"https:\/\/www.forum-soegel.de\/information\/wp-json\/wp\/v2\/categories?post=13753"},{"taxonomy":"post_tag","embeddable":true,"href":"https:\/\/www.forum-soegel.de\/information\/wp-json\/wp\/v2\/tags?post=13753"}],"curies":[{"name":"wp","href":"https:\/\/api.w.org\/{rel}","templated":true}]}}