{"id":13750,"date":"2014-07-01T00:07:00","date_gmt":"2014-06-30T22:07:00","guid":{"rendered":"https:\/\/www.forum-soegel.de\/information\/?p=13750"},"modified":"2014-06-29T11:08:32","modified_gmt":"2014-06-29T09:08:32","slug":"gedenken-an-judische-ns-opfer","status":"publish","type":"post","link":"https:\/\/www.forum-soegel.de\/information\/2014\/07\/gedenken-an-judische-ns-opfer\/","title":{"rendered":"Gedenken an j\u00fcdische NS-Opfer"},"content":{"rendered":"<p>S\u00f6gel &#8211; Im Gedenken an die w\u00e4hrend der Zeit des Nationalsozialismus verfolgten und ermordeten Juden aus S\u00f6gel sind gestern acht Stolpersteine verlegt worden. Begleitet wurde das Projekt von Sch\u00fclern des achten Jahrgangs der Schule am Schloss. Auch S\u00f6gels B\u00fcrgermeisterin Irmgard Welling nahm an der Verlegung der Gedenksteine teil.<\/p>\n<p>Erste Station der Sch\u00fcler war die Ulmenstra\u00dfe, in der vier Steine f\u00fcr die Familie Jacobs gesetzt wurden. Der Marsch dorthin fand in v\u00f6lliger Stille statt. \u201eSo kann jeder mit seinen eigenen Gedanken zum Thema alleine sein\u201c, sagte Welling. Vor Ort setzte ein Mitarbeiter der Gemeinde die Steine ein. Einige Sch\u00fcler legten Blumen auf die Gedenktafel. Begleitet wurde die Gruppe von Nachfahren derjenigen j\u00fcdischen Familien aus S\u00f6gel, die der Verfolgung durch die Nazis hatten entkommen k\u00f6nnen. Schweigend ging es gemeinsam weiter zur Ludmillenstra\u00dfe. Dort wurden Steine f\u00fcr die Familie Weinberg in den B\u00fcrgersteig eingelassen.<\/p>\n<p>Die Schule am Schloss organisiert die Gedenkaktion im Wechsel mit dem H\u00fcmmling-Gymnasium. Das Konzept der Stolpersteine wurde von dem K\u00fcnstler Gunter Demnig entwickelt, um an das Schicksal der Menschen zu erinnern, die im Nationalsozialismus verfolgt, vertrieben oder ermordet wurden. Die Steine werden in St\u00e4dten in ganz Europa verlegt.<\/p>\n<p>Bevor sich die Gruppe auf den Weg gemacht hatte, hatten sich die Sch\u00fcler, B\u00fcrgermeisterin Welling, Geschichtslehrer J\u00fcrgen Jansen und Annette Sievers von der Kunstschule Meppen im \u201eGr\u00fcnen Klassenzimmer\u201c der Schule getroffen, um das Projekt zu reflektieren und sich auszutauschen.<\/p>\n<p>Welling hatte davon berichtet, wie sie selbst mit der Geschichte und dem Genozid der Juden umgeht. S\u00f6gel sei mit 70 j\u00fcdischen Todesopfern in Relation zur Population einer der am meisten von den Massenmorden betroffenen Orte, betonte sie. Diese Geschichte versuche die Gemeinde aufzuarbeiten: Etwa der H\u00e4lfte aller get\u00f6teten Juden aus S\u00f6gel werde bisher durch Stolpersteine gedacht. Die beteiligten Sch\u00fcler sind Teilnehmer eines Wahlpflichtkurses und haben sich im vergangenen Schuljahr mit dem Thema Nationalsozialismus in der Region besch\u00e4ftigt.<\/p>\n<p>Sie verstehen die Stolpersteine als Denkansto\u00df, um sich \u00fcber die deutsche Geschichte zu informieren. Die Sch\u00fcler selbst haben sich in allerlei Form mit dem Thema besch\u00e4ftigt. So haben sie vergangenes Jahr unter der Leitung von J\u00fcrgen Jansen ein Theaterst\u00fcck \u00fcber eine j\u00fcdische Klasse aufgef\u00fchrt, die vom Schulleben ausgegrenzt wurde. \u201eDie ortsbezogene Geschichte weckte bei den Sch\u00fclern gro\u00dfes Interesse, und sie entwickelten viele eigene Ideen\u201c, so Jansen.<\/p>\n<p>Text: Ems-Zeitung \/ Foto: Samtgemeinde S\u00f6gel<\/p>\n<p><a href=\"https:\/\/www.forum-soegel.de\/information\/wp-content\/uploads\/2014\/06\/Gedenken-an-j\u00fcdische-NS-Opfer.jpg\"><img loading=\"lazy\" decoding=\"async\" class=\"alignnone size-medium wp-image-13751\" title=\"Gedenken an j\u00fcdische NS-Opfer\" src=\"https:\/\/www.forum-soegel.de\/information\/wp-content\/uploads\/2014\/06\/Gedenken-an-j\u00fcdische-NS-Opfer-300x118.jpg\" alt=\"\" width=\"300\" height=\"118\" srcset=\"https:\/\/www.forum-soegel.de\/information\/wp-content\/uploads\/2014\/06\/Gedenken-an-j\u00fcdische-NS-Opfer-300x118.jpg 300w, https:\/\/www.forum-soegel.de\/information\/wp-content\/uploads\/2014\/06\/Gedenken-an-j\u00fcdische-NS-Opfer.jpg 1024w\" sizes=\"auto, (max-width: 300px) 100vw, 300px\" \/><\/a><\/p>\n<p>&nbsp;<\/p>\n","protected":false},"excerpt":{"rendered":"S\u00f6gel &#8211; Im Gedenken an die w\u00e4hrend der Zeit des Nationalsozialismus verfolgten und ermordeten Juden aus S\u00f6gel sind gestern acht Stolpersteine verlegt worden. Begleitet wurde das Projekt von Sch\u00fclern des achten Jahrgangs der Schule am Schloss. Auch S\u00f6gels B\u00fcrgermeisterin Irmgard Welling nahm an der Verlegung der Gedenksteine teil. Erste Station der Sch\u00fcler war die Ulmenstra\u00dfe, [&hellip;]\n","protected":false},"author":2,"featured_media":0,"comment_status":"closed","ping_status":"closed","sticky":false,"template":"","format":"standard","meta":{"ngg_post_thumbnail":0,"footnotes":""},"categories":[3],"tags":[],"class_list":["post-13750","post","type-post","status-publish","format-standard","hentry","category-aktuelles-aus-der-region"],"_links":{"self":[{"href":"https:\/\/www.forum-soegel.de\/information\/wp-json\/wp\/v2\/posts\/13750","targetHints":{"allow":["GET"]}}],"collection":[{"href":"https:\/\/www.forum-soegel.de\/information\/wp-json\/wp\/v2\/posts"}],"about":[{"href":"https:\/\/www.forum-soegel.de\/information\/wp-json\/wp\/v2\/types\/post"}],"author":[{"embeddable":true,"href":"https:\/\/www.forum-soegel.de\/information\/wp-json\/wp\/v2\/users\/2"}],"replies":[{"embeddable":true,"href":"https:\/\/www.forum-soegel.de\/information\/wp-json\/wp\/v2\/comments?post=13750"}],"version-history":[{"count":1,"href":"https:\/\/www.forum-soegel.de\/information\/wp-json\/wp\/v2\/posts\/13750\/revisions"}],"predecessor-version":[{"id":13752,"href":"https:\/\/www.forum-soegel.de\/information\/wp-json\/wp\/v2\/posts\/13750\/revisions\/13752"}],"wp:attachment":[{"href":"https:\/\/www.forum-soegel.de\/information\/wp-json\/wp\/v2\/media?parent=13750"}],"wp:term":[{"taxonomy":"category","embeddable":true,"href":"https:\/\/www.forum-soegel.de\/information\/wp-json\/wp\/v2\/categories?post=13750"},{"taxonomy":"post_tag","embeddable":true,"href":"https:\/\/www.forum-soegel.de\/information\/wp-json\/wp\/v2\/tags?post=13750"}],"curies":[{"name":"wp","href":"https:\/\/api.w.org\/{rel}","templated":true}]}}