{"id":13747,"date":"2014-07-01T00:04:37","date_gmt":"2014-06-30T22:04:37","guid":{"rendered":"https:\/\/www.forum-soegel.de\/information\/?p=13747"},"modified":"2014-06-29T11:06:54","modified_gmt":"2014-06-29T09:06:54","slug":"fahrradverleih-neues-angebot-der-tourist-information-sogel","status":"publish","type":"post","link":"https:\/\/www.forum-soegel.de\/information\/2014\/07\/fahrradverleih-neues-angebot-der-tourist-information-sogel\/","title":{"rendered":"Fahrradverleih &#8211; neues Angebot der Tourist Information S\u00f6gel"},"content":{"rendered":"<p>S\u00f6gel &#8211; Ab sofort k\u00f6nnen stabile Emsland-R\u00e4der in der Tourist-Info f\u00fcr gem\u00fctliche Ausfl\u00fcge in der Region H\u00fcmmling ausgeliehen werden. Das Team der Tourist-Info stellt gerne eine geeignete Radtour mit den G\u00e4sten zusammen\u00a0 oder kann die ausf\u00fchrlichen Radwanderkarten des H\u00fcmmlings und Emslands zur Verf\u00fcgung stellen. Die Tagesmiete betr\u00e4gt 8,00\u20ac. Reservierungen werden erbeten direkt bei der Tourist-Info (Tel: 05952-9697000) oder vor Ort. Unser Foto zeigt Nicole Nordmann von der Tourist-Info S\u00f6gel mit einem neuen Emslandrad.<\/p>\n<p>Text\/Foto: Ingrid Cloppenburg<\/p>\n<p><a href=\"https:\/\/www.forum-soegel.de\/information\/wp-content\/uploads\/2014\/06\/Fahrradverleih-neues-Angebot-der-Tourist-Information-S\u00f6gel.jpg\"><img loading=\"lazy\" decoding=\"async\" class=\"alignnone size-medium wp-image-13748\" title=\"Fahrradverleih - neues Angebot der Tourist Information S\u00f6gel\" src=\"https:\/\/www.forum-soegel.de\/information\/wp-content\/uploads\/2014\/06\/Fahrradverleih-neues-Angebot-der-Tourist-Information-S\u00f6gel-300x168.jpg\" alt=\"\" width=\"300\" height=\"168\" srcset=\"https:\/\/www.forum-soegel.de\/information\/wp-content\/uploads\/2014\/06\/Fahrradverleih-neues-Angebot-der-Tourist-Information-S\u00f6gel-300x168.jpg 300w, https:\/\/www.forum-soegel.de\/information\/wp-content\/uploads\/2014\/06\/Fahrradverleih-neues-Angebot-der-Tourist-Information-S\u00f6gel.jpg 1024w\" sizes=\"auto, (max-width: 300px) 100vw, 300px\" \/><\/a><\/p>\n","protected":false},"excerpt":{"rendered":"S\u00f6gel &#8211; Ab sofort k\u00f6nnen stabile Emsland-R\u00e4der in der Tourist-Info f\u00fcr gem\u00fctliche Ausfl\u00fcge in der Region H\u00fcmmling ausgeliehen werden. Das Team der Tourist-Info stellt gerne eine geeignete Radtour mit den G\u00e4sten zusammen\u00a0 oder kann die ausf\u00fchrlichen Radwanderkarten des H\u00fcmmlings und Emslands zur Verf\u00fcgung stellen. Die Tagesmiete betr\u00e4gt 8,00\u20ac. Reservierungen werden erbeten direkt bei der Tourist-Info [&hellip;]\n","protected":false},"author":2,"featured_media":0,"comment_status":"closed","ping_status":"closed","sticky":false,"template":"","format":"standard","meta":{"ngg_post_thumbnail":0,"footnotes":""},"categories":[3],"tags":[],"class_list":["post-13747","post","type-post","status-publish","format-standard","hentry","category-aktuelles-aus-der-region"],"_links":{"self":[{"href":"https:\/\/www.forum-soegel.de\/information\/wp-json\/wp\/v2\/posts\/13747","targetHints":{"allow":["GET"]}}],"collection":[{"href":"https:\/\/www.forum-soegel.de\/information\/wp-json\/wp\/v2\/posts"}],"about":[{"href":"https:\/\/www.forum-soegel.de\/information\/wp-json\/wp\/v2\/types\/post"}],"author":[{"embeddable":true,"href":"https:\/\/www.forum-soegel.de\/information\/wp-json\/wp\/v2\/users\/2"}],"replies":[{"embeddable":true,"href":"https:\/\/www.forum-soegel.de\/information\/wp-json\/wp\/v2\/comments?post=13747"}],"version-history":[{"count":1,"href":"https:\/\/www.forum-soegel.de\/information\/wp-json\/wp\/v2\/posts\/13747\/revisions"}],"predecessor-version":[{"id":13749,"href":"https:\/\/www.forum-soegel.de\/information\/wp-json\/wp\/v2\/posts\/13747\/revisions\/13749"}],"wp:attachment":[{"href":"https:\/\/www.forum-soegel.de\/information\/wp-json\/wp\/v2\/media?parent=13747"}],"wp:term":[{"taxonomy":"category","embeddable":true,"href":"https:\/\/www.forum-soegel.de\/information\/wp-json\/wp\/v2\/categories?post=13747"},{"taxonomy":"post_tag","embeddable":true,"href":"https:\/\/www.forum-soegel.de\/information\/wp-json\/wp\/v2\/tags?post=13747"}],"curies":[{"name":"wp","href":"https:\/\/api.w.org\/{rel}","templated":true}]}}