{"id":13742,"date":"2014-07-01T00:57:59","date_gmt":"2014-06-30T22:57:59","guid":{"rendered":"https:\/\/www.forum-soegel.de\/information\/?p=13742"},"modified":"2014-07-15T20:09:05","modified_gmt":"2014-07-15T18:09:05","slug":"brucke-zum-naturlehrpfad","status":"publish","type":"post","link":"https:\/\/www.forum-soegel.de\/information\/2014\/07\/brucke-zum-naturlehrpfad\/","title":{"rendered":"Br\u00fccke zum Naturlehrpfad"},"content":{"rendered":"<p>H\u00fcven &#8211; Die Bauarbeiten f\u00fcr einen Natur-Lehrpfad in direkter Nachbarschaft zur H\u00fcvener M\u00fchle sind schon zu sehen. Im August soll alles fertig sein. Vertreter von Gemeinde, Heimatverein, Baufirmen, Grundst\u00fcckseigner und finanzielle F\u00f6rderer haben die Pl\u00e4ne der \u00d6ffentlichkeit vorgestellt.<\/p>\n<p>Mit einer Aufwendung von insgesamt 68.000 Euro von f\u00fcnf Zuschussgebern soll in den n\u00e4chsten Wochen und Monaten ein naturnahes Biotop entstehen mit einem Teich und Informationstafeln zur Verbesserung des touristischen Angebotes und zur Umweltbildung. Ein Rundweg ist geplant und eine Verbindung \u00fcber eine h\u00f6lzerne Fu\u00dfg\u00e4ngerbr\u00fccke zur M\u00fchle \u00fcber die Mittelradde, die s\u00fcdlich der H\u00fcvener M\u00fchle verl\u00e4uft und die Grenze zwischen den Gemeinden H\u00fcven und L\u00e4hden bildet.<\/p>\n<p>Im S\u00fcden, auf \u201eL\u00e4hdener Seite\u201c, grenzt in diesem Bereich eine brachliegende Gr\u00fcnfl\u00e4che an. Von dieser Fl\u00e4che aus besteht eine sehr gute Sicht auf die M\u00fchle, die bislang ungenutzt blieb.<\/p>\n<p>Die Bauma\u00dfnahme hat den Hintergrund, den Erholungswert und damit das touristische Angebot im Umfeld der H\u00fcvener M\u00fchle zu erweitern. Die Aufenthaltsm\u00f6glichkeiten rund um die M\u00fchle, insbesondere auch f\u00fcr Schulklassen im Rahmen der Umweltbildung, k\u00f6nnten weiterentwickelt werden, so Landschaftsplaner Richard Gertken und B\u00fcrgermeisterin Hedwig Fust-Sanders. Auf der tiefer liegenden Fl\u00e4che s\u00fcdlich der Mittelradde einen naturnahen T\u00fcmpel und das Umfeld des Gew\u00e4ssers unter \u00f6kologischen Kriterien aufzuwerten, sei ein weiterer Gesichtspunkt.<\/p>\n<p>Von der geplanten Br\u00fccke soll ein Weg gef\u00fchrt werden, an dem ein gr\u00f6\u00dferer, auch als Au\u00dfenklassenzimmer nutzbarer Platz und weitere Sitzm\u00f6glichkeiten angeordnet werden.<\/p>\n<p>Die Sitzm\u00f6glichkeiten und das Au\u00dfenklassenzimmer sollen aus nat\u00fcrlichen Materialien (Wall, Findlinge, Baumst\u00e4mme) hergestellt werden. Die umgebende Fl\u00e4che soll naturnah als Wiese angelegt werden. Am Teich ist ein Balancierweg, bestehend aus gespaltenen Halbrund-Baumst\u00e4mmen auf Holzpfosten, durch die Feuchtwiese geplant.<\/p>\n<p>Auf dem M\u00fchlengel\u00e4nde kann zu den Bereichen Wasser (Still- und Flie\u00dfgew\u00e4sser), Wasserkraft, Mechanik, Wiese, Wechselbeziehung zwischen Natur, Technik und Mensch ein erlebnisorientiertes Bildungsangebot geschaffen werden. Gef\u00f6rdert wird das Projekt mit EU-Mitteln \u00fcber das Amt f\u00fcr Landentwicklung Meppen (LGLN, 25.000 Euro), von der Sparkassenstiftung (10.000 Euro), der Nieders\u00e4chsischen Bingo-Umweltstiftung (7000 Euro), der Naturschutzstiftung (10.000 Euro), mit Mitteln der Gemeinde H\u00fcven (6000 Euro) und vom F\u00f6rderkreis H\u00fcvener M\u00fchle (10.000 Euro f\u00fcr nicht f\u00f6rderf\u00e4hige Kosten).<\/p>\n<p>Text\/Foto: Susanne Risius-Hartwig, Ems-Zeitung<\/p>\n<p><a href=\"https:\/\/www.forum-soegel.de\/information\/wp-content\/uploads\/2014\/07\/Br\u00fccke-zum-Naturlehrpfad.jpg\"><img loading=\"lazy\" decoding=\"async\" class=\"alignnone size-medium wp-image-14041\" title=\"Br\u00fccke zum Naturlehrpfad\" src=\"https:\/\/www.forum-soegel.de\/information\/wp-content\/uploads\/2014\/07\/Br\u00fccke-zum-Naturlehrpfad-300x168.jpg\" alt=\"\" width=\"300\" height=\"168\" srcset=\"https:\/\/www.forum-soegel.de\/information\/wp-content\/uploads\/2014\/07\/Br\u00fccke-zum-Naturlehrpfad-300x168.jpg 300w, https:\/\/www.forum-soegel.de\/information\/wp-content\/uploads\/2014\/07\/Br\u00fccke-zum-Naturlehrpfad.jpg 741w\" sizes=\"auto, (max-width: 300px) 100vw, 300px\" \/><\/a><\/p>\n<p>&nbsp;<\/p>\n<p>&nbsp;<\/p>\n","protected":false},"excerpt":{"rendered":"H\u00fcven &#8211; Die Bauarbeiten f\u00fcr einen Natur-Lehrpfad in direkter Nachbarschaft zur H\u00fcvener M\u00fchle sind schon zu sehen. Im August soll alles fertig sein. Vertreter von Gemeinde, Heimatverein, Baufirmen, Grundst\u00fcckseigner und finanzielle F\u00f6rderer haben die Pl\u00e4ne der \u00d6ffentlichkeit vorgestellt. Mit einer Aufwendung von insgesamt 68.000 Euro von f\u00fcnf Zuschussgebern soll in den n\u00e4chsten Wochen und Monaten [&hellip;]\n","protected":false},"author":2,"featured_media":0,"comment_status":"closed","ping_status":"closed","sticky":false,"template":"","format":"standard","meta":{"ngg_post_thumbnail":0,"footnotes":""},"categories":[3],"tags":[],"class_list":["post-13742","post","type-post","status-publish","format-standard","hentry","category-aktuelles-aus-der-region"],"_links":{"self":[{"href":"https:\/\/www.forum-soegel.de\/information\/wp-json\/wp\/v2\/posts\/13742","targetHints":{"allow":["GET"]}}],"collection":[{"href":"https:\/\/www.forum-soegel.de\/information\/wp-json\/wp\/v2\/posts"}],"about":[{"href":"https:\/\/www.forum-soegel.de\/information\/wp-json\/wp\/v2\/types\/post"}],"author":[{"embeddable":true,"href":"https:\/\/www.forum-soegel.de\/information\/wp-json\/wp\/v2\/users\/2"}],"replies":[{"embeddable":true,"href":"https:\/\/www.forum-soegel.de\/information\/wp-json\/wp\/v2\/comments?post=13742"}],"version-history":[{"count":5,"href":"https:\/\/www.forum-soegel.de\/information\/wp-json\/wp\/v2\/posts\/13742\/revisions"}],"predecessor-version":[{"id":14043,"href":"https:\/\/www.forum-soegel.de\/information\/wp-json\/wp\/v2\/posts\/13742\/revisions\/14043"}],"wp:attachment":[{"href":"https:\/\/www.forum-soegel.de\/information\/wp-json\/wp\/v2\/media?parent=13742"}],"wp:term":[{"taxonomy":"category","embeddable":true,"href":"https:\/\/www.forum-soegel.de\/information\/wp-json\/wp\/v2\/categories?post=13742"},{"taxonomy":"post_tag","embeddable":true,"href":"https:\/\/www.forum-soegel.de\/information\/wp-json\/wp\/v2\/tags?post=13742"}],"curies":[{"name":"wp","href":"https:\/\/api.w.org\/{rel}","templated":true}]}}