{"id":1374,"date":"2010-04-01T00:01:45","date_gmt":"2010-03-31T22:01:45","guid":{"rendered":"https:\/\/www.forum-soegel.de\/information\/?p=1374"},"modified":"2010-04-02T16:31:23","modified_gmt":"2010-04-02T14:31:23","slug":"umfeldgestaltung-bei-der-arche-noah-2","status":"publish","type":"post","link":"https:\/\/www.forum-soegel.de\/information\/2010\/04\/umfeldgestaltung-bei-der-arche-noah-2\/","title":{"rendered":"Umfeldgestaltung bei der Arche Noah"},"content":{"rendered":"<p>Im Rahmen einer Qualifizierungs- und Besch\u00e4ftigungsma\u00dfnahme sollen in K\u00fcrze die Au\u00dfenanlagen auf der westlichen Seite des Geb\u00e4udes (in Richtung M\u00fchlenstra\u00dfe) hergestellt werden. Die Eltern haben an der Gestaltung federf\u00fchrend mitgewirkt. In keiner emsl\u00e4ndischen Gemeinde gibt es auf die Einwohner gerechnet so viele Krippenpl\u00e4tze wie in S\u00f6gel.<\/p>\n","protected":false},"excerpt":{"rendered":"Im Rahmen einer Qualifizierungs- und Besch\u00e4ftigungsma\u00dfnahme sollen in K\u00fcrze die Au\u00dfenanlagen auf der westlichen Seite des Geb\u00e4udes (in Richtung M\u00fchlenstra\u00dfe) hergestellt werden. Die Eltern haben an der Gestaltung federf\u00fchrend mitgewirkt. In keiner emsl\u00e4ndischen Gemeinde gibt es auf die Einwohner gerechnet so viele Krippenpl\u00e4tze wie in S\u00f6gel.\n","protected":false},"author":2,"featured_media":0,"comment_status":"closed","ping_status":"closed","sticky":false,"template":"","format":"standard","meta":{"ngg_post_thumbnail":0,"footnotes":""},"categories":[10],"tags":[85,253],"class_list":["post-1374","post","type-post","status-publish","format-standard","hentry","category-rat-und-verwaltung-informieren","tag-arche-noah","tag-krippenplatz"],"_links":{"self":[{"href":"https:\/\/www.forum-soegel.de\/information\/wp-json\/wp\/v2\/posts\/1374","targetHints":{"allow":["GET"]}}],"collection":[{"href":"https:\/\/www.forum-soegel.de\/information\/wp-json\/wp\/v2\/posts"}],"about":[{"href":"https:\/\/www.forum-soegel.de\/information\/wp-json\/wp\/v2\/types\/post"}],"author":[{"embeddable":true,"href":"https:\/\/www.forum-soegel.de\/information\/wp-json\/wp\/v2\/users\/2"}],"replies":[{"embeddable":true,"href":"https:\/\/www.forum-soegel.de\/information\/wp-json\/wp\/v2\/comments?post=1374"}],"version-history":[{"count":3,"href":"https:\/\/www.forum-soegel.de\/information\/wp-json\/wp\/v2\/posts\/1374\/revisions"}],"predecessor-version":[{"id":1659,"href":"https:\/\/www.forum-soegel.de\/information\/wp-json\/wp\/v2\/posts\/1374\/revisions\/1659"}],"wp:attachment":[{"href":"https:\/\/www.forum-soegel.de\/information\/wp-json\/wp\/v2\/media?parent=1374"}],"wp:term":[{"taxonomy":"category","embeddable":true,"href":"https:\/\/www.forum-soegel.de\/information\/wp-json\/wp\/v2\/categories?post=1374"},{"taxonomy":"post_tag","embeddable":true,"href":"https:\/\/www.forum-soegel.de\/information\/wp-json\/wp\/v2\/tags?post=1374"}],"curies":[{"name":"wp","href":"https:\/\/api.w.org\/{rel}","templated":true}]}}