{"id":13702,"date":"2014-06-01T13:40:53","date_gmt":"2014-06-01T11:40:53","guid":{"rendered":"https:\/\/www.forum-soegel.de\/information\/?p=13702"},"modified":"2014-06-01T13:40:53","modified_gmt":"2014-06-01T11:40:53","slug":"rate-und-verwaltungen-informieren-monat-juni","status":"publish","type":"post","link":"https:\/\/www.forum-soegel.de\/information\/2014\/06\/rate-und-verwaltungen-informieren-monat-juni\/","title":{"rendered":"R\u00e4te und Verwaltungen informieren &#8211; Monat Juni &#8211;"},"content":{"rendered":"<p><strong><em>Tempo 30 in der Ortsmitte<\/em><\/strong><\/p>\n<p>Der Rat der Gemeinde S\u00f6gel hat den Beschluss gefasst, den inner\u00f6rtlichen Bereich der Clemens-August-Stra\u00dfe von der Einm\u00fcndung in die M\u00fchlenstra\u00dfe bis zur Kreuzung am Hotel Clemenswerther Hof sowie des ersten und des zweiten Marktplatzes als sogenannte \u201eZone 30\u201c auszuweisen. Gleichzeitig gilt f\u00fcr diese Zone ein eingeschr\u00e4nktes Halteverbot, denn das Parken soll lediglich auf den speziell hierf\u00fcr markierten Stellfl\u00e4chen f\u00fcr eine H\u00f6chstdauer von 2 Stunden erlaubt sein.<\/p>\n<p>In der Woche nach Pfingsten soll eine entsprechende Beschilderung, die zwischenzeitlich verkehrsbeh\u00f6rdlich angeordnet worden ist, aufgestellt werden.<\/p>\n<p>Die Bev\u00f6lkerung und insbesondere die Verkehrsteilnehmer werden in diesem Zusammenhang besonders darauf hingewiesen, dass in einer Tempo-30-Zone in der Regel alle Stra\u00dfen gleichrangig sind. Es gibt keine Vorfahrtstra\u00dfen mehr und <strong><span style=\"text-decoration: underline;\">es gilt die Rechts-vor-Links-Vorfahrtregel<\/span><\/strong>.<\/p>\n<p>Das Verkehrszeichen \u201eTempo-30-Zone\u201c wird im Unterschied zu vielen anderen Verkehrszeichen nicht an jeder Einm\u00fcndung oder Kreuzung wiederholt. Wenn Sie eine Verkehrsstra\u00dfe verlassen und in eine Tempo-30-Zone einbiegen, dann wird die Tempo-30-Zone durch das Verkehrszeichen &#8222;Beginn der Tempo-30-Zone&#8220; angek\u00fcndigt. Das Verkehrszeichen steht gut sichtbar einige Meter hinter der Einfahrt. Die Tempo-30-Regelung gilt so lange, bis Sie die Tempo-30-Zone wieder verlassen. Das Ende der Tempo-30-Zone wird durch das Verkehrszeichen &#8222;Ende der Tempo-30-Zone&#8220; kenntlich gemacht.<\/p>\n<p>In den Bereichen, in denen sich die Vorfahrt \u00e4ndern wird, werden zus\u00e4tzlich f\u00fcr die Dauer der ersten 8 Wochen die Verkehrszeichen \u201eGefahrstelle\u201c mit dem Zusatzzeichen \u201eVorfahrt ge\u00e4ndert\u201c aufgestellt.<\/p>\n<p><strong><em>\u00a0<\/em><\/strong><\/p>\n<p><strong><em>Anradeln fand trotz des schlechten Wetters guten Zuspruch<\/em><\/strong><\/p>\n<p>65 Teilnehmer von den H\u00fcmmlinggemeinden Esterwegen, Surwold und S\u00f6gel fuhren zwar bei grauem aber trockenem Himmel los vom S\u00f6geler Rathaus aus um 9:30 Uhr los in Richtung Langen bei Lengerich. Dort fand dies Jahr das 7. Anradeln im Emsland statt mit 1200 &#8222;unerschrockenen&#8220; Radlern, die das bisschen Regen nicht abhielt. Alle waren gut ausger\u00fcstet mit Regenkleidung nach dem Motto &#8222;Es gibt kein schlechtes Wetter, nur schlechte Kleidung&#8220;. Der Ort Langen hatte sich sehr liebevoll herausgeputzt. \u00dcberall an den Stra\u00dfen standen geschm\u00fcckte Fahrr\u00e4der zur Begr\u00fc\u00dfung der Radler. Bei Kaffee und Kuchen von vielen ehrenamtlichen Helfern serviert und zahlreiche kleine Darbietungen wurden m\u00fcde Radler wieder munter. \u201eEs ist immer wieder sch\u00f6n sich durch so eine Aktion\u00a0 als H\u00fcmmlinger Gemeinschaft zu erleben und zum anderen auch viele andere Emsl\u00e4nder zu treffen. Das gibt immer ein gro\u00dfes Hallo. Alle Teilnehmer waren in guter Stimmung und das trotz des nassen Wetters. Toll!\u201c, so Angelika Deters von der Tourist-Info S\u00f6gel. <strong><em><\/em><\/strong><\/p>\n<p><strong><em>\u00a0<\/em><\/strong><\/p>\n<p><strong><em>\u00a0<\/em><\/strong><\/p>\n<p><strong><em>\u00a0<\/em><\/strong><\/p>\n<p><strong><em>Ausstellung im Ludmillenhof<\/em><\/strong><\/p>\n<p>In den R\u00e4umlichkeiten des Ludmillenhofes befindet sich derzeit die Ausstellung von Andra und Nazmi Saltik mit dem Titel \u201eUnsichtbares im Sichtbaren\u201c. Die Ausstellung kann noch bis zum 4. Juli 2014 w\u00e4hrend der \u00d6ffnungszeiten der Samtgemeindeverwaltung besichtigt werden.<\/p>\n","protected":false},"excerpt":{"rendered":"Tempo 30 in der Ortsmitte Der Rat der Gemeinde S\u00f6gel hat den Beschluss gefasst, den inner\u00f6rtlichen Bereich der Clemens-August-Stra\u00dfe von der Einm\u00fcndung in die M\u00fchlenstra\u00dfe bis zur Kreuzung am Hotel Clemenswerther Hof sowie des ersten und des zweiten Marktplatzes als sogenannte \u201eZone 30\u201c auszuweisen. Gleichzeitig gilt f\u00fcr diese Zone ein eingeschr\u00e4nktes Halteverbot, denn das Parken [&hellip;]\n","protected":false},"author":2,"featured_media":0,"comment_status":"closed","ping_status":"closed","sticky":false,"template":"","format":"standard","meta":{"ngg_post_thumbnail":0,"footnotes":""},"categories":[10],"tags":[],"class_list":["post-13702","post","type-post","status-publish","format-standard","hentry","category-rat-und-verwaltung-informieren"],"_links":{"self":[{"href":"https:\/\/www.forum-soegel.de\/information\/wp-json\/wp\/v2\/posts\/13702","targetHints":{"allow":["GET"]}}],"collection":[{"href":"https:\/\/www.forum-soegel.de\/information\/wp-json\/wp\/v2\/posts"}],"about":[{"href":"https:\/\/www.forum-soegel.de\/information\/wp-json\/wp\/v2\/types\/post"}],"author":[{"embeddable":true,"href":"https:\/\/www.forum-soegel.de\/information\/wp-json\/wp\/v2\/users\/2"}],"replies":[{"embeddable":true,"href":"https:\/\/www.forum-soegel.de\/information\/wp-json\/wp\/v2\/comments?post=13702"}],"version-history":[{"count":1,"href":"https:\/\/www.forum-soegel.de\/information\/wp-json\/wp\/v2\/posts\/13702\/revisions"}],"predecessor-version":[{"id":13703,"href":"https:\/\/www.forum-soegel.de\/information\/wp-json\/wp\/v2\/posts\/13702\/revisions\/13703"}],"wp:attachment":[{"href":"https:\/\/www.forum-soegel.de\/information\/wp-json\/wp\/v2\/media?parent=13702"}],"wp:term":[{"taxonomy":"category","embeddable":true,"href":"https:\/\/www.forum-soegel.de\/information\/wp-json\/wp\/v2\/categories?post=13702"},{"taxonomy":"post_tag","embeddable":true,"href":"https:\/\/www.forum-soegel.de\/information\/wp-json\/wp\/v2\/tags?post=13702"}],"curies":[{"name":"wp","href":"https:\/\/api.w.org\/{rel}","templated":true}]}}