{"id":137,"date":"2010-02-05T16:43:52","date_gmt":"2010-02-05T14:43:52","guid":{"rendered":"https:\/\/www.forum-soegel.de\/information\/?p=137"},"modified":"2010-03-30T12:31:58","modified_gmt":"2010-03-30T10:31:58","slug":"das-weihnachtsoratorium-von-camille-saint-saens-%e2%80%93-einmalig-in-der-sogeler-st-jakobus-kirche","status":"publish","type":"post","link":"https:\/\/www.forum-soegel.de\/information\/2010\/02\/das-weihnachtsoratorium-von-camille-saint-saens-%e2%80%93-einmalig-in-der-sogeler-st-jakobus-kirche\/","title":{"rendered":"Das Weihnachtsoratorium von Camille Saint-Saens \u2013 einmalig in der S\u00f6geler St. Jakobus-Kirche"},"content":{"rendered":"<p><!-- \t\t@page { margin: 2cm } \t\tP { margin-bottom: 0.21cm } -->\u201e<span style=\"font-size: x-small;\">Tollite hostias!\u201c \u2013 \u201eBringet Geschenke!\u201c, hei\u00dft es im \u201eWeihnachtsoratorium\u201c von Saint-Saens, das am 30. Dezember 2009 in der Kirche St. Jakobus in S\u00f6gel durchaus w\u00f6rtlich zu nehmen war. Ein erweiterter Kirchenchor, das Orchester Camerata St. Jakobus und f\u00fcnf Solisten machten den Abend zu einem unvergleichlichen Erlebnis. Auch die leicht zugige Kirche konnte die Stimmung nicht tr\u00fcben und so genossen die Zuschauer ein and\u00e4chtiges und bewegendes Konzert, das sie mit stehenden Ovationen honorierten. Er\u00f6ffnet wurde das Programm mit Ausz\u00fcgen aus Bachs \u201eWeihnachtsoratorium\u201c, Sch\u00fctz\u2018 \u201eGeistlicher Chormusik\u201c und H\u00e4ndels \u201eMessias\u201c. In den beiden erstgenannten stellte der Kirchenchor sein K\u00f6nnen unter Beweis, das Rezitativ \u201eTr\u00f6ste mein Volk\u201c, mit anspruchsvollen Koloraturen ausgeschm\u00fcckt, lie\u00df zum ersten Mal die Solisten auftreten. In beeindruckender Weise brachten Martin Hundelt (Tenor), Tom Schmidt (Bass), Harald Maiers (Alt), Jana Thomas und Mareiker Jungclaus (beide Sopran) die St\u00fccke dar und hielten das hohe Niveau w\u00e4hrend des ganzen Konzerts durch. Einen bleibenden Eindruck hinterlie\u00dfen vor allem Jana Thomas mit ihrer <strong>volumin\u00f6sen<\/strong>, kraftvollen Stimme und Harald Maiers, der lediglich mit Technik eine Frauenstimme zu singen vermochte. Auch der Chor \u00fcberzeugte besonders w\u00e4hrend Saint-Saens\u2018 \u201e<strong>Weihnachtsoratorium<\/strong>\u201c. <\/span><\/p>\n<p><span style=\"font-size: x-small;\">Immer zwischen Lebhaftigkeit, beinahe schon Aufgeregtheit und Anmut wie Behutsamkeit pendelnd erz\u00e4hlte die Komposition die biblische Geschichte von <strong>Jesu <\/strong>Geburt in spannender Weise und nahm die H\u00f6rer mit auf eine klangliche Reise, die bei aller Spannung die Erhabenheit der Weihnachtsgeschichte nicht vernachl\u00e4ssigte. <\/span><\/p>\n<p><span style=\"font-size: x-small;\">F\u00fcr das Gelingen der Veranstaltung zeichnete Regionalkantorin Frauke Sparfeldt, die das ambitionierte Ziel verwirklichte, mit dem S\u00f6geler Kirchenchor, professionell ausgebildeten S\u00e4ngern und Instrumentalisten ein solches Kulturereignis auf die Beine zu stellen. Der Applaus<\/span> <span style=\"font-size: x-small;\">entsch\u00e4digte sie wie alle Beteiligten f\u00fcr die monatelange harte Arbeit und den immensen Aufwand, die hinter diesem Projekt standen. <\/span><\/p>\n<p><span style=\"font-size: x-small;\"><br \/>\n<\/span><\/p>\n<p><span style=\"font-size: xx-small;\">Text: JB\/Fot<\/span>os: LB<\/p>\n<p><span style=\"font-size: xx-small;\"><a href=\"https:\/\/www.forum-soegel.de\/information\/wp-content\/uploads\/2010\/02\/IMG_1730_DxO.jpg\"><img loading=\"lazy\" decoding=\"async\" class=\"alignnone size-thumbnail wp-image-1123\" title=\"IMG_1730_DxO\" src=\"https:\/\/www.forum-soegel.de\/information\/wp-content\/uploads\/2010\/02\/IMG_1730_DxO-150x150.jpg\" alt=\"\" width=\"150\" height=\"150\" \/><\/a>\u00a0<a href=\"https:\/\/www.forum-soegel.de\/information\/wp-content\/uploads\/2010\/02\/IMG_1733_DxO.jpg\"><img loading=\"lazy\" decoding=\"async\" class=\"alignnone size-thumbnail wp-image-1124\" title=\"IMG_1733_DxO\" src=\"https:\/\/www.forum-soegel.de\/information\/wp-content\/uploads\/2010\/02\/IMG_1733_DxO-150x150.jpg\" alt=\"\" width=\"150\" height=\"150\" \/><\/a>\u00a0<a href=\"https:\/\/www.forum-soegel.de\/information\/wp-content\/uploads\/2010\/02\/IMG_1744_DxO.jpg\"><img loading=\"lazy\" decoding=\"async\" class=\"alignnone size-thumbnail wp-image-1125\" title=\"IMG_1744_DxO\" src=\"https:\/\/www.forum-soegel.de\/information\/wp-content\/uploads\/2010\/02\/IMG_1744_DxO-150x150.jpg\" alt=\"\" width=\"150\" height=\"150\" \/><\/a>\u00a0<a href=\"https:\/\/www.forum-soegel.de\/information\/wp-content\/uploads\/2010\/02\/IMG_1745_DxO.jpg\"><img loading=\"lazy\" decoding=\"async\" class=\"alignnone size-thumbnail wp-image-1127\" title=\"IMG_1745_DxO\" src=\"https:\/\/www.forum-soegel.de\/information\/wp-content\/uploads\/2010\/02\/IMG_1745_DxO-150x150.jpg\" alt=\"\" width=\"150\" height=\"150\" \/><\/a>\u00a0<a href=\"https:\/\/www.forum-soegel.de\/information\/wp-content\/uploads\/2010\/02\/IMG_1752_DxO1.jpg\"><img loading=\"lazy\" decoding=\"async\" class=\"alignnone size-thumbnail wp-image-1128\" title=\"IMG_1752_DxO\" src=\"https:\/\/www.forum-soegel.de\/information\/wp-content\/uploads\/2010\/02\/IMG_1752_DxO1-150x150.jpg\" alt=\"\" width=\"150\" height=\"150\" \/><\/a>\u00a0<a href=\"https:\/\/www.forum-soegel.de\/information\/wp-content\/uploads\/2010\/02\/IMG_1759_DxO.jpg\"><img loading=\"lazy\" decoding=\"async\" class=\"alignnone size-thumbnail wp-image-1129\" title=\"IMG_1759_DxO\" src=\"https:\/\/www.forum-soegel.de\/information\/wp-content\/uploads\/2010\/02\/IMG_1759_DxO-150x150.jpg\" alt=\"\" width=\"150\" height=\"150\" \/><\/a>\u00a0<a href=\"https:\/\/www.forum-soegel.de\/information\/wp-content\/uploads\/2010\/02\/IMG_1778_DxO.jpg\"><img loading=\"lazy\" decoding=\"async\" class=\"alignnone size-thumbnail wp-image-1130\" title=\"IMG_1778_DxO\" src=\"https:\/\/www.forum-soegel.de\/information\/wp-content\/uploads\/2010\/02\/IMG_1778_DxO-150x150.jpg\" alt=\"\" width=\"150\" height=\"150\" \/><\/a>\u00a0<a href=\"https:\/\/www.forum-soegel.de\/information\/wp-content\/uploads\/2010\/02\/IMG_1801_DxO.jpg\"><img loading=\"lazy\" decoding=\"async\" class=\"alignnone size-thumbnail wp-image-1131\" title=\"IMG_1801_DxO\" src=\"https:\/\/www.forum-soegel.de\/information\/wp-content\/uploads\/2010\/02\/IMG_1801_DxO-150x150.jpg\" alt=\"\" width=\"150\" height=\"150\" \/><\/a>\u00a0<a href=\"https:\/\/www.forum-soegel.de\/information\/wp-content\/uploads\/2010\/02\/IMG_1808_DxO.jpg\"><img loading=\"lazy\" decoding=\"async\" class=\"alignnone size-thumbnail wp-image-1132\" title=\"IMG_1808_DxO\" src=\"https:\/\/www.forum-soegel.de\/information\/wp-content\/uploads\/2010\/02\/IMG_1808_DxO-150x150.jpg\" alt=\"\" width=\"150\" height=\"150\" \/><\/a>\u00a0<img loading=\"lazy\" decoding=\"async\" class=\"alignnone size-thumbnail wp-image-1133\" title=\"IMG_1809_DxO\" src=\"https:\/\/www.forum-soegel.de\/information\/wp-content\/uploads\/2010\/02\/IMG_1809_DxO-150x150.jpg\" alt=\"\" width=\"150\" height=\"150\" \/>\u00a0<a href=\"https:\/\/www.forum-soegel.de\/information\/wp-content\/uploads\/2010\/02\/IMG_1827_DxO.jpg\"><img loading=\"lazy\" decoding=\"async\" class=\"alignnone size-thumbnail wp-image-1134\" title=\"IMG_1827_DxO\" src=\"https:\/\/www.forum-soegel.de\/information\/wp-content\/uploads\/2010\/02\/IMG_1827_DxO-150x150.jpg\" alt=\"\" width=\"150\" height=\"150\" \/><\/a>\u00a0<a href=\"https:\/\/www.forum-soegel.de\/information\/wp-content\/uploads\/2010\/02\/IMG_1832_DxO.jpg\"><img loading=\"lazy\" decoding=\"async\" class=\"alignnone size-thumbnail wp-image-1135\" title=\"IMG_1832_DxO\" src=\"https:\/\/www.forum-soegel.de\/information\/wp-content\/uploads\/2010\/02\/IMG_1832_DxO-150x150.jpg\" alt=\"\" width=\"150\" height=\"150\" \/><\/a>\u00a0<a href=\"https:\/\/www.forum-soegel.de\/information\/wp-content\/uploads\/2010\/02\/IMG_1847_DxO.jpg\"><img loading=\"lazy\" decoding=\"async\" class=\"alignnone size-thumbnail wp-image-1136\" title=\"IMG_1847_DxO\" src=\"https:\/\/www.forum-soegel.de\/information\/wp-content\/uploads\/2010\/02\/IMG_1847_DxO-150x150.jpg\" alt=\"\" width=\"150\" height=\"150\" \/><\/a>\u00a0<a href=\"https:\/\/www.forum-soegel.de\/information\/wp-content\/uploads\/2010\/02\/IMG_1859_DxO.jpg\"><img loading=\"lazy\" decoding=\"async\" class=\"alignnone size-thumbnail wp-image-1138\" title=\"IMG_1859_DxO\" src=\"https:\/\/www.forum-soegel.de\/information\/wp-content\/uploads\/2010\/02\/IMG_1859_DxO-150x150.jpg\" alt=\"\" width=\"150\" height=\"150\" \/><\/a>\u00a0<a href=\"https:\/\/www.forum-soegel.de\/information\/wp-content\/uploads\/2010\/02\/IMG_1860_DxO1.jpg\"><img loading=\"lazy\" decoding=\"async\" class=\"alignnone size-thumbnail wp-image-1139\" title=\"IMG_1860_DxO\" src=\"https:\/\/www.forum-soegel.de\/information\/wp-content\/uploads\/2010\/02\/IMG_1860_DxO1-150x150.jpg\" alt=\"\" width=\"150\" height=\"150\" \/><\/a>\u00a0<a href=\"https:\/\/www.forum-soegel.de\/information\/wp-content\/uploads\/2010\/02\/IMG_1880_DxO.jpg\"><img loading=\"lazy\" decoding=\"async\" class=\"alignnone size-thumbnail wp-image-1140\" title=\"IMG_1880_DxO\" src=\"https:\/\/www.forum-soegel.de\/information\/wp-content\/uploads\/2010\/02\/IMG_1880_DxO-150x150.jpg\" alt=\"\" width=\"150\" height=\"150\" \/><\/a>\u00a0<a href=\"https:\/\/www.forum-soegel.de\/information\/wp-content\/uploads\/2010\/02\/IMG_1894_DxO.jpg\"><img loading=\"lazy\" decoding=\"async\" class=\"alignnone size-thumbnail wp-image-1141\" title=\"IMG_1894_DxO\" src=\"https:\/\/www.forum-soegel.de\/information\/wp-content\/uploads\/2010\/02\/IMG_1894_DxO-150x150.jpg\" alt=\"\" width=\"150\" height=\"150\" \/><\/a>\u00a0<a href=\"https:\/\/www.forum-soegel.de\/information\/wp-content\/uploads\/2010\/02\/IMG_1906_DxO.jpg\"><img loading=\"lazy\" decoding=\"async\" class=\"alignnone size-thumbnail wp-image-1142\" title=\"IMG_1906_DxO\" src=\"https:\/\/www.forum-soegel.de\/information\/wp-content\/uploads\/2010\/02\/IMG_1906_DxO-150x150.jpg\" alt=\"\" width=\"150\" height=\"150\" \/><\/a>\u00a0<a href=\"https:\/\/www.forum-soegel.de\/information\/wp-content\/uploads\/2010\/02\/IMG_1849_DxO1.jpg\"><img loading=\"lazy\" decoding=\"async\" class=\"alignnone size-thumbnail wp-image-1143\" title=\"IMG_1849_DxO\" src=\"https:\/\/www.forum-soegel.de\/information\/wp-content\/uploads\/2010\/02\/IMG_1849_DxO1-150x150.jpg\" alt=\"\" width=\"150\" height=\"150\" \/><\/a><\/span><\/p>\n","protected":false},"excerpt":{"rendered":"\u201eTollite hostias!\u201c \u2013 \u201eBringet Geschenke!\u201c, hei\u00dft es im \u201eWeihnachtsoratorium\u201c von Saint-Saens, das am 30. Dezember 2009 in der Kirche St. Jakobus in S\u00f6gel durchaus w\u00f6rtlich zu nehmen war. Ein erweiterter Kirchenchor, das Orchester Camerata St. Jakobus und f\u00fcnf Solisten machten den Abend zu einem unvergleichlichen Erlebnis. Auch die leicht zugige Kirche konnte die Stimmung nicht [&hellip;]\n","protected":false},"author":2,"featured_media":0,"comment_status":"closed","ping_status":"closed","sticky":false,"template":"","format":"standard","meta":{"ngg_post_thumbnail":0,"footnotes":""},"categories":[3],"tags":[],"class_list":["post-137","post","type-post","status-publish","format-standard","hentry","category-aktuelles-aus-der-region"],"_links":{"self":[{"href":"https:\/\/www.forum-soegel.de\/information\/wp-json\/wp\/v2\/posts\/137","targetHints":{"allow":["GET"]}}],"collection":[{"href":"https:\/\/www.forum-soegel.de\/information\/wp-json\/wp\/v2\/posts"}],"about":[{"href":"https:\/\/www.forum-soegel.de\/information\/wp-json\/wp\/v2\/types\/post"}],"author":[{"embeddable":true,"href":"https:\/\/www.forum-soegel.de\/information\/wp-json\/wp\/v2\/users\/2"}],"replies":[{"embeddable":true,"href":"https:\/\/www.forum-soegel.de\/information\/wp-json\/wp\/v2\/comments?post=137"}],"version-history":[{"count":11,"href":"https:\/\/www.forum-soegel.de\/information\/wp-json\/wp\/v2\/posts\/137\/revisions"}],"predecessor-version":[{"id":141,"href":"https:\/\/www.forum-soegel.de\/information\/wp-json\/wp\/v2\/posts\/137\/revisions\/141"}],"wp:attachment":[{"href":"https:\/\/www.forum-soegel.de\/information\/wp-json\/wp\/v2\/media?parent=137"}],"wp:term":[{"taxonomy":"category","embeddable":true,"href":"https:\/\/www.forum-soegel.de\/information\/wp-json\/wp\/v2\/categories?post=137"},{"taxonomy":"post_tag","embeddable":true,"href":"https:\/\/www.forum-soegel.de\/information\/wp-json\/wp\/v2\/tags?post=137"}],"curies":[{"name":"wp","href":"https:\/\/api.w.org\/{rel}","templated":true}]}}