{"id":1366,"date":"2010-04-01T00:01:49","date_gmt":"2010-03-31T22:01:49","guid":{"rendered":"https:\/\/www.forum-soegel.de\/information\/?p=1366"},"modified":"2010-04-02T16:22:50","modified_gmt":"2010-04-02T14:22:50","slug":"jugendzentrum-sogel-2","status":"publish","type":"post","link":"https:\/\/www.forum-soegel.de\/information\/2010\/04\/jugendzentrum-sogel-2\/","title":{"rendered":"Jugendzentrum S\u00f6gel"},"content":{"rendered":"<p>Zu einer zweiten Organisationsrunde haben sich zahlreiche Jugendliche an einem Sonntag ganzt\u00e4gig im St. Jakobus Haus getroffen. Unter fachkundiger Leitung und unter der Moderation von Uwe Helmes vom \u201eStellwerk Zukunft\u201c aus Vechta wurden drei Arbeitsgruppen gebildet. In der Arbeitsgruppe \u201eRaumplanung\u201c werden sich sieben Jugendliche mit der Architektin Christiane Schomaker vom Architekturb\u00fcro Schomaker und Henschel aus S\u00f6gel \u00fcber die Verteilung der R\u00e4ume Gedanken machen. Die aus f\u00fcnf Jugendlichen bestehende Arbeitsgruppe \u201eProbeparty\u201c wird unter Mithilfe von Lene Kurka eine Party organisieren. In einer weiteren Arbeitsgruppe werden 11 Jugendliche gemeinsam mit Andreas Klaas die Innenausstattung der R\u00e4umlichkeiten konzeptionieren. Weitere Einzelheiten sind auf der Internetseite <a title=\"https:\/\/www.dein-jugendprojekt.de\" href=\"https:\/\/www.dein-jugendprojekt.de\/\">https:\/\/www.dein-jugendprojekt.de<\/a> abrufbar.<\/p>\n<p>\u00a0<a href=\"https:\/\/www.forum-soegel.de\/information\/wp-content\/uploads\/2010\/03\/Jugendzentrum1.jpg\"><img loading=\"lazy\" decoding=\"async\" class=\"alignnone size-thumbnail wp-image-1367\" title=\"Jugendzentrum1\" src=\"https:\/\/www.forum-soegel.de\/information\/wp-content\/uploads\/2010\/03\/Jugendzentrum1-150x150.jpg\" alt=\"\" width=\"150\" height=\"150\" \/><\/a>\u00a0<a href=\"https:\/\/www.forum-soegel.de\/information\/wp-content\/uploads\/2010\/03\/Jugendzentrum2.jpg\"><img loading=\"lazy\" decoding=\"async\" class=\"alignnone size-thumbnail wp-image-1368\" title=\"Jugendzentrum2\" src=\"https:\/\/www.forum-soegel.de\/information\/wp-content\/uploads\/2010\/03\/Jugendzentrum2-150x150.jpg\" alt=\"\" width=\"150\" height=\"150\" \/><\/a><\/p>\n","protected":false},"excerpt":{"rendered":"Zu einer zweiten Organisationsrunde haben sich zahlreiche Jugendliche an einem Sonntag ganzt\u00e4gig im St. Jakobus Haus getroffen. Unter fachkundiger Leitung und unter der Moderation von Uwe Helmes vom \u201eStellwerk Zukunft\u201c aus Vechta wurden drei Arbeitsgruppen gebildet. In der Arbeitsgruppe \u201eRaumplanung\u201c werden sich sieben Jugendliche mit der Architektin Christiane Schomaker vom Architekturb\u00fcro Schomaker und Henschel aus [&hellip;]\n","protected":false},"author":2,"featured_media":0,"comment_status":"closed","ping_status":"closed","sticky":false,"template":"","format":"standard","meta":{"ngg_post_thumbnail":0,"footnotes":""},"categories":[10],"tags":[71],"class_list":["post-1366","post","type-post","status-publish","format-standard","hentry","category-rat-und-verwaltung-informieren","tag-jugendzentrum"],"_links":{"self":[{"href":"https:\/\/www.forum-soegel.de\/information\/wp-json\/wp\/v2\/posts\/1366","targetHints":{"allow":["GET"]}}],"collection":[{"href":"https:\/\/www.forum-soegel.de\/information\/wp-json\/wp\/v2\/posts"}],"about":[{"href":"https:\/\/www.forum-soegel.de\/information\/wp-json\/wp\/v2\/types\/post"}],"author":[{"embeddable":true,"href":"https:\/\/www.forum-soegel.de\/information\/wp-json\/wp\/v2\/users\/2"}],"replies":[{"embeddable":true,"href":"https:\/\/www.forum-soegel.de\/information\/wp-json\/wp\/v2\/comments?post=1366"}],"version-history":[{"count":3,"href":"https:\/\/www.forum-soegel.de\/information\/wp-json\/wp\/v2\/posts\/1366\/revisions"}],"predecessor-version":[{"id":1637,"href":"https:\/\/www.forum-soegel.de\/information\/wp-json\/wp\/v2\/posts\/1366\/revisions\/1637"}],"wp:attachment":[{"href":"https:\/\/www.forum-soegel.de\/information\/wp-json\/wp\/v2\/media?parent=1366"}],"wp:term":[{"taxonomy":"category","embeddable":true,"href":"https:\/\/www.forum-soegel.de\/information\/wp-json\/wp\/v2\/categories?post=1366"},{"taxonomy":"post_tag","embeddable":true,"href":"https:\/\/www.forum-soegel.de\/information\/wp-json\/wp\/v2\/tags?post=1366"}],"curies":[{"name":"wp","href":"https:\/\/api.w.org\/{rel}","templated":true}]}}