{"id":1352,"date":"2010-04-01T00:01:37","date_gmt":"2010-03-31T22:01:37","guid":{"rendered":"https:\/\/www.forum-soegel.de\/information\/?p=1352"},"modified":"2010-04-02T16:35:54","modified_gmt":"2010-04-02T14:35:54","slug":"pfingstzeltlager-2010","status":"publish","type":"post","link":"https:\/\/www.forum-soegel.de\/information\/2010\/04\/pfingstzeltlager-2010\/","title":{"rendered":"Pfingstzeltlager 2010"},"content":{"rendered":"<p>In diesem Jahr f\u00fchrt die Kolpingjugend ihr sogenanntes \u201ePfingstzeltlager\u201c zum 9. mal durch. In den letzten Jahren wurden verschieden Zeltpl\u00e4tze mit dem Fahrrad angesteuert u.a. Vrees, Lorup, Hasel\u00fcnne oder Surwold. Immer wieder hat es den Gruppenleitern, sowie den Kindern viel Spa\u00df bereitet.<\/p>\n<p>Auch in diesem Jahr wird ein neuer Zeltplatz mit dem Fahrrad angereist.<\/p>\n<p>Am Freitag, den 21.05.2010 soll es los gehen.<\/p>\n<p>In der Samtgemeinde Freren sollen die Zelte f\u00fcr 5 Tage aufgeschlagen werden. Die Samtgemeinde liegt im s\u00fcdlichen Teil des Landkreises Emsland., in der N\u00e4he von Lengerich, F\u00fcrstenau oder Lingen. Freren hat viele Besonderheiten f\u00fcr Jugendliche zu bieten, u.a ein beheiztes Waldfreibad, ein Indoor Spielparadies, mehrere Einkaufsm\u00f6glichkeiten, sowie Spielpl\u00e4tze oder Wanderm\u00f6glichkeiten.<\/p>\n<p>Auf dem Tagesplan werden viele sch\u00f6ne und spannende Dinge stehen , wie etwa eine Kinderolympiade, V\u00f6lker- und Fu\u00dfballtuniere, Lagerfeuerspiele. Mehr wird nat\u00fcrlich noch nicht verraten. Lasst Euch \u00fcberraschen.<\/p>\n<p>Nach vielen sch\u00f6nen Tagen, fahren wir am Dienstag, den 25.05.2010 wieder Richtung Heimat.<\/p>\n<p><strong><span style=\"text-decoration: underline;\">Eingeladen sind alle Kinder im Alter von 7-13 Jahren !!!<\/span><\/strong><\/p>\n<p>Unkostenbeitrag pro Kind 50 \u20ac.<\/p>\n<p>Die Anmeldungen liegen ab 16.03.2010 im St. Jakobus Haus, sowie in der St. Jakobus Kirche aus. Die Anmeldungen werden im Pfarrb\u00fcro bei Maria Wilmes entgegen genommen.<\/p>\n<p>Bei weiteren Fragen, wenden sie sich an J\u00fcrgen Grote (05952\/9681295) oder Petra Nortmann (05952\/969040).<\/p>\n<p>Wir freuen uns, wenn wir das Interesse geweckt haben und wir uns im Zeltlager wieder sehen.<\/p>\n<p>Eure Gruppenleiter<\/p>\n","protected":false},"excerpt":{"rendered":"In diesem Jahr f\u00fchrt die Kolpingjugend ihr sogenanntes \u201ePfingstzeltlager\u201c zum 9. mal durch. In den letzten Jahren wurden verschieden Zeltpl\u00e4tze mit dem Fahrrad angesteuert u.a. Vrees, Lorup, Hasel\u00fcnne oder Surwold. Immer wieder hat es den Gruppenleitern, sowie den Kindern viel Spa\u00df bereitet. Auch in diesem Jahr wird ein neuer Zeltplatz mit dem Fahrrad angereist. Am [&hellip;]\n","protected":false},"author":2,"featured_media":0,"comment_status":"closed","ping_status":"closed","sticky":false,"template":"","format":"standard","meta":{"ngg_post_thumbnail":0,"footnotes":""},"categories":[5],"tags":[15,242],"class_list":["post-1352","post","type-post","status-publish","format-standard","hentry","category-was-machen-die-vereine","tag-kolpingjugend","tag-pfingstzeltlager"],"_links":{"self":[{"href":"https:\/\/www.forum-soegel.de\/information\/wp-json\/wp\/v2\/posts\/1352","targetHints":{"allow":["GET"]}}],"collection":[{"href":"https:\/\/www.forum-soegel.de\/information\/wp-json\/wp\/v2\/posts"}],"about":[{"href":"https:\/\/www.forum-soegel.de\/information\/wp-json\/wp\/v2\/types\/post"}],"author":[{"embeddable":true,"href":"https:\/\/www.forum-soegel.de\/information\/wp-json\/wp\/v2\/users\/2"}],"replies":[{"embeddable":true,"href":"https:\/\/www.forum-soegel.de\/information\/wp-json\/wp\/v2\/comments?post=1352"}],"version-history":[{"count":3,"href":"https:\/\/www.forum-soegel.de\/information\/wp-json\/wp\/v2\/posts\/1352\/revisions"}],"predecessor-version":[{"id":1673,"href":"https:\/\/www.forum-soegel.de\/information\/wp-json\/wp\/v2\/posts\/1352\/revisions\/1673"}],"wp:attachment":[{"href":"https:\/\/www.forum-soegel.de\/information\/wp-json\/wp\/v2\/media?parent=1352"}],"wp:term":[{"taxonomy":"category","embeddable":true,"href":"https:\/\/www.forum-soegel.de\/information\/wp-json\/wp\/v2\/categories?post=1352"},{"taxonomy":"post_tag","embeddable":true,"href":"https:\/\/www.forum-soegel.de\/information\/wp-json\/wp\/v2\/tags?post=1352"}],"curies":[{"name":"wp","href":"https:\/\/api.w.org\/{rel}","templated":true}]}}