{"id":1349,"date":"2010-04-01T00:01:09","date_gmt":"2010-03-31T22:01:09","guid":{"rendered":"https:\/\/www.forum-soegel.de\/information\/?p=1349"},"modified":"2010-04-02T16:29:59","modified_gmt":"2010-04-02T14:29:59","slug":"%e2%80%9ehelden-%e2%80%93-verehrt-%e2%80%93-verkannt-%e2%80%93-vergessen%e2%80%9c-teil-ii","status":"publish","type":"post","link":"https:\/\/www.forum-soegel.de\/information\/2010\/04\/%e2%80%9ehelden-%e2%80%93-verehrt-%e2%80%93-verkannt-%e2%80%93-vergessen%e2%80%9c-teil-ii\/","title":{"rendered":"\u201eHelden \u2013 verehrt \u2013 verkannt \u2013 vergessen\u201c Teil II"},"content":{"rendered":"<p>Die Klasse 4 B der Bernhardschule wurde f\u00fcr ihre Dokumentation \u00fcber das Wirken Pfarrer Wolters in S\u00f6gel w\u00e4hrend der letzten Kriegstage von Bundesbildungsministerin Heister-Neumann in Hannover \u00a0ausgezeichnet. ( Wir berichteten in der Novemberausgabe 2009 dar\u00fcber. )<\/p>\n<p>Unter der sensiblen Anleitung ihrer Klassenlehrerin Frau Gisela Henze, haben die Sch\u00fclerinnen und Sch\u00fcler durch intensive Zeitzeugenbefragungen das Material zusammengestellt.<\/p>\n<p>In einer kleinen Feierstunde am 01. M\u00e4rz haben die Sch\u00fclerinnen und Sch\u00fcler, gemeinsam mit Gisela Henze die beeindruckende Dokumentation in der Geschichtswerkstatt des Forum S\u00f6gel vorgestellt.<\/p>\n<p>Der stellvertretende Samtgemeinderat Hans Nowak hatte sich auf der Internetseite der Bernhardschule kundig gemacht und stellt fest, \u201eso sehen Sieger aus, denn Landessieger beim Bundespr\u00e4sidenten Wettbewerb ist wie ein Sieg bei der Olympiade\u201c<\/p>\n<p>B\u00fcrgermeister Heiner Wellenbrock erg\u00e4nzte \u201eich bin stolz auf Euch\u201c<\/p>\n<p>Stellvertretend f\u00fcr die vielen Zeitzeugen waren Grete Ahrens und Bernd Eggers anwesend.<\/p>\n<p>Gisela Henze fasste noch einmal die Vorgehensweise zusammen und pr\u00e4sentierte Kernst\u00fccke der Dokumentation.<\/p>\n<p>Mit einem Blumenstrau\u00df f\u00fcr Gisela Henze und Grete Ahrens sowie einer reichhaltigen Kaffeetafel bedankte sich Bernd Schulte f\u00fcr die \u00dcberlassung der Arbeiten, die nun einen festen Platz in der geschichtsbezogenen Pr\u00e4sentation der Ausstellung finden.<\/p>\n<p>Text\/Foto: KS<\/p>\n<div id=\"attachment_1350\" style=\"width: 310px\" class=\"wp-caption alignnone\"><a href=\"https:\/\/www.forum-soegel.de\/information\/wp-content\/uploads\/2010\/03\/Ehrung-klasse-4.jpg\"><img loading=\"lazy\" decoding=\"async\" aria-describedby=\"caption-attachment-1350\" class=\"size-medium wp-image-1350 \" title=\"Ehrung klasse 4\" src=\"https:\/\/www.forum-soegel.de\/information\/wp-content\/uploads\/2010\/03\/Ehrung-klasse-4-300x225.jpg\" alt=\"\" width=\"300\" height=\"225\" srcset=\"https:\/\/www.forum-soegel.de\/information\/wp-content\/uploads\/2010\/03\/Ehrung-klasse-4-300x225.jpg 300w, https:\/\/www.forum-soegel.de\/information\/wp-content\/uploads\/2010\/03\/Ehrung-klasse-4.jpg 1024w\" sizes=\"auto, (max-width: 300px) 100vw, 300px\" \/><\/a><p id=\"caption-attachment-1350\" class=\"wp-caption-text\">von links: Bernd Schulte, Gisela Henze, Bernd Eggers, Grete Ahrens, Heiner Wellenbrock, Hermann Wichmann und Hans Nowak, sowie die Sch\u00fclerinnen und Sch\u00fcler der Klasse 4 B<\/p><\/div>\n","protected":false},"excerpt":{"rendered":"Die Klasse 4 B der Bernhardschule wurde f\u00fcr ihre Dokumentation \u00fcber das Wirken Pfarrer Wolters in S\u00f6gel w\u00e4hrend der letzten Kriegstage von Bundesbildungsministerin Heister-Neumann in Hannover \u00a0ausgezeichnet. ( Wir berichteten in der Novemberausgabe 2009 dar\u00fcber. ) Unter der sensiblen Anleitung ihrer Klassenlehrerin Frau Gisela Henze, haben die Sch\u00fclerinnen und Sch\u00fcler durch intensive Zeitzeugenbefragungen das Material [&hellip;]\n","protected":false},"author":2,"featured_media":0,"comment_status":"closed","ping_status":"closed","sticky":false,"template":"","format":"standard","meta":{"ngg_post_thumbnail":0,"footnotes":""},"categories":[5],"tags":[156,241],"class_list":["post-1349","post","type-post","status-publish","format-standard","hentry","category-was-machen-die-vereine","tag-forum-sogel","tag-helden"],"_links":{"self":[{"href":"https:\/\/www.forum-soegel.de\/information\/wp-json\/wp\/v2\/posts\/1349","targetHints":{"allow":["GET"]}}],"collection":[{"href":"https:\/\/www.forum-soegel.de\/information\/wp-json\/wp\/v2\/posts"}],"about":[{"href":"https:\/\/www.forum-soegel.de\/information\/wp-json\/wp\/v2\/types\/post"}],"author":[{"embeddable":true,"href":"https:\/\/www.forum-soegel.de\/information\/wp-json\/wp\/v2\/users\/2"}],"replies":[{"embeddable":true,"href":"https:\/\/www.forum-soegel.de\/information\/wp-json\/wp\/v2\/comments?post=1349"}],"version-history":[{"count":3,"href":"https:\/\/www.forum-soegel.de\/information\/wp-json\/wp\/v2\/posts\/1349\/revisions"}],"predecessor-version":[{"id":1655,"href":"https:\/\/www.forum-soegel.de\/information\/wp-json\/wp\/v2\/posts\/1349\/revisions\/1655"}],"wp:attachment":[{"href":"https:\/\/www.forum-soegel.de\/information\/wp-json\/wp\/v2\/media?parent=1349"}],"wp:term":[{"taxonomy":"category","embeddable":true,"href":"https:\/\/www.forum-soegel.de\/information\/wp-json\/wp\/v2\/categories?post=1349"},{"taxonomy":"post_tag","embeddable":true,"href":"https:\/\/www.forum-soegel.de\/information\/wp-json\/wp\/v2\/tags?post=1349"}],"curies":[{"name":"wp","href":"https:\/\/api.w.org\/{rel}","templated":true}]}}