{"id":13217,"date":"2014-04-11T18:56:32","date_gmt":"2014-04-11T16:56:32","guid":{"rendered":"https:\/\/www.forum-soegel.de\/information\/?p=13217"},"modified":"2014-04-11T18:56:32","modified_gmt":"2014-04-11T16:56:32","slug":"uber-1-100-euro-fur-palliativstutzpunkt-%e2%80%9enordliches-emsland%e2%80%9c","status":"publish","type":"post","link":"https:\/\/www.forum-soegel.de\/information\/2014\/04\/uber-1-100-euro-fur-palliativstutzpunkt-%e2%80%9enordliches-emsland%e2%80%9c\/","title":{"rendered":"\u00dcber 1.100 Euro f\u00fcr Palliativst\u00fctzpunkt \u201eN\u00f6rdliches Emsland\u201c"},"content":{"rendered":"<p style=\"text-align: left;\" align=\"center\"><strong>Kuscheldecken, Rufdiensttasche und Wechseldruckmatratze gekauft<\/strong><\/p>\n<p>Emsland &#8211; \u00dcber 1.100 Euro erhielt der Palliativst\u00fctzpunkt \u201eN\u00f6rdliches Emsland\u201c von den Tagesg\u00e4sten des Seniorenzentrums \u201eMittendrin\u201c vom St.-Vitus-Werk in Meppen. Das Geld stammt aus dem Verkauf von Weihnachtspl\u00e4tzchen im vergangenen Jahr. Davon kaufte der St\u00fctzpunkt jetzt Kuscheldecken f\u00fcr die Tagesklinik im H\u00fcmmling Krankenhaus S\u00f6gel und eine Rufdiensttasche sowie eine Wechseldruckmatratze f\u00fcr den ambulanten Palliativdienst.<\/p>\n<p>&nbsp;<\/p>\n<p><strong>Gro\u00dfe Unterst\u00fctzung der Spendenaktion <\/strong><\/p>\n<p>\u201eDass durch den Pl\u00e4tzchenverkauf so viel Geld zusammen kommt, h\u00e4tten wir nicht gedacht\u201c, ist Palliativkoordinatorin Martina Mensen erstaunt. Sie ist sich sicher, dass viele die Aktion auch einfach so unterst\u00fctzt haben, wie Anne Deters aus Lingen. Im Kiosk von Deters kaufte Astrid Weege, Mitarbeiterin im Seniorenzentrum \u201eMittendrin\u201c die T\u00fcten, in denen die Pl\u00e4tzchen verpackt wurden. Kurzerhand entschloss sich Deters, eine Spendenbox in ihrem Kiosk aufzustellen.<\/p>\n<p>&nbsp;<\/p>\n<p><strong>Idee entstand aus gemeinsamem Projekt<\/strong><\/p>\n<p>Die Idee zur Spendenaktion entstand aus der engen Zusammenarbeit des St.-Vitus-Werkes Meppen und dem Palliativst\u00fctzpunkt\u00a0 \u201eN\u00f6rdliches Emsland\u201c. Sie verwirklichen seit Anfang letzten Jahres ein gemeinsames Projekt zur palliativen Versorgung von Menschen mit geistiger Behinderung. Dabei werden Strukturen aufgebaut, die es m\u00f6glich machen, Palliativpatienten mit geistiger Behinderung in ihrer gewohnten Umgebung zu versorgen und einen notwendigen Aufenthalt im S\u00f6geler Krankenhaus an ihre Bed\u00fcrfnisse anzupassen.<\/p>\n<p>&nbsp;<\/p>\n<p><strong>Arbeit hat sich gelohnt<\/strong><\/p>\n<p>\u201eUnsere Tagesg\u00e4ste haben gute Erfahrungen mit dem Palliativst\u00fctzpunkt gemacht und wollten durch diese Aktion dabei helfen, schwerstkranken und sterbenden Menschen etwas Gutes zu tun\u201c, so Weege.\u00a0 \u201eDie Nachfrage nach den Pl\u00e4tzchen war enorm. Die Tagesg\u00e4ste kamen zeitweise mit dem Backen gar nicht nach\u201c, sagt Mensen weiter. Die Arbeit hat sich gelohnt. Bei einem Besuch im H\u00fcmmling Krankenhaus S\u00f6gel \u00fcberzeugten sich die flei\u00dfigen B\u00e4cker des Seniorenzentrums \u201eMittendrin\u201c davon, dass ihre Spende sinnvoll eingesetzt wurde. Von dem Geld kaufte der Palliativst\u00fctzpunkt Kuscheldecken, eine Rufdiensttasche sowie eine Wechseldruckmatratze.<\/p>\n<p>&nbsp;<\/p>\n<p><strong>Der Palliativst\u00fctzpunkt \u201eN\u00f6rdliches Emsland\u201c<\/strong><\/p>\n<p>Der Palliativst\u00fctzpunkt \u201eN\u00f6rdliches Emsland\u201c \u00a0ist seit 2007 am H\u00fcmmling Krankenhaus S\u00f6gel angesiedelt und vom Land Niedersachsen anerkannt. Der St\u00fctzpunkt koordiniert die gesamte palliative ambulante und station\u00e4re Versorgung von Menschen mit einer weit fortgeschrittenen, unheilbaren Erkrankung im n\u00f6rdlichen und mittleren Landkreis Emsland.<\/p>\n<p>&nbsp;<\/p>\n<p>Seniorenzentrum \u201eMittendrin\u201c f\u00fcr Menschen mit Behinderung<\/p>\n<p>Das Seniorenzentrum \u201eMittendrin\u201c ist eine Tageseinrichtung und bietet Menschen mit einer geistigen Behinderung, die das Renteneintrittsalter erreicht haben, ein abwechselungsreiches Angebot zur Tagesstruktur.<\/p>\n<p>Text\/Foto: H\u00fcmmling Krankenhaus S\u00f6gel<\/p>\n<div id=\"attachment_13218\" style=\"width: 310px\" class=\"wp-caption alignnone\"><a href=\"https:\/\/www.forum-soegel.de\/information\/wp-content\/uploads\/2014\/04\/\u00dcber-1-100-Euro-f\u00fcr-Palliativst\u00fctzpunkt-N\u00f6rdliches-Emsland.jpg\"><img loading=\"lazy\" decoding=\"async\" aria-describedby=\"caption-attachment-13218\" class=\"size-medium wp-image-13218\" title=\"\u00dcber 1 100 Euro f\u00fcr Palliativst\u00fctzpunkt N\u00f6rdliches Emsland\" src=\"https:\/\/www.forum-soegel.de\/information\/wp-content\/uploads\/2014\/04\/\u00dcber-1-100-Euro-f\u00fcr-Palliativst\u00fctzpunkt-N\u00f6rdliches-Emsland-300x225.jpg\" alt=\"\" width=\"300\" height=\"225\" srcset=\"https:\/\/www.forum-soegel.de\/information\/wp-content\/uploads\/2014\/04\/\u00dcber-1-100-Euro-f\u00fcr-Palliativst\u00fctzpunkt-N\u00f6rdliches-Emsland-300x225.jpg 300w, https:\/\/www.forum-soegel.de\/information\/wp-content\/uploads\/2014\/04\/\u00dcber-1-100-Euro-f\u00fcr-Palliativst\u00fctzpunkt-N\u00f6rdliches-Emsland.jpg 1024w\" sizes=\"auto, (max-width: 300px) 100vw, 300px\" \/><\/a><p id=\"caption-attachment-13218\" class=\"wp-caption-text\">Die Tagesg\u00e4ste vom Seniorenzentrum \u201eMittendrin\u201c \u00fcberzeugten sich vor Ort, dass ihre Spende sinnvoll eingesetzt wurde.<\/p><\/div>\n","protected":false},"excerpt":{"rendered":"Kuscheldecken, Rufdiensttasche und Wechseldruckmatratze gekauft Emsland &#8211; \u00dcber 1.100 Euro erhielt der Palliativst\u00fctzpunkt \u201eN\u00f6rdliches Emsland\u201c von den Tagesg\u00e4sten des Seniorenzentrums \u201eMittendrin\u201c vom St.-Vitus-Werk in Meppen. Das Geld stammt aus dem Verkauf von Weihnachtspl\u00e4tzchen im vergangenen Jahr. Davon kaufte der St\u00fctzpunkt jetzt Kuscheldecken f\u00fcr die Tagesklinik im H\u00fcmmling Krankenhaus S\u00f6gel und eine Rufdiensttasche sowie eine Wechseldruckmatratze [&hellip;]\n","protected":false},"author":2,"featured_media":0,"comment_status":"closed","ping_status":"closed","sticky":false,"template":"","format":"standard","meta":{"ngg_post_thumbnail":0,"footnotes":""},"categories":[25],"tags":[],"class_list":["post-13217","post","type-post","status-publish","format-standard","hentry","category-hauptsache-gesund"],"_links":{"self":[{"href":"https:\/\/www.forum-soegel.de\/information\/wp-json\/wp\/v2\/posts\/13217","targetHints":{"allow":["GET"]}}],"collection":[{"href":"https:\/\/www.forum-soegel.de\/information\/wp-json\/wp\/v2\/posts"}],"about":[{"href":"https:\/\/www.forum-soegel.de\/information\/wp-json\/wp\/v2\/types\/post"}],"author":[{"embeddable":true,"href":"https:\/\/www.forum-soegel.de\/information\/wp-json\/wp\/v2\/users\/2"}],"replies":[{"embeddable":true,"href":"https:\/\/www.forum-soegel.de\/information\/wp-json\/wp\/v2\/comments?post=13217"}],"version-history":[{"count":1,"href":"https:\/\/www.forum-soegel.de\/information\/wp-json\/wp\/v2\/posts\/13217\/revisions"}],"predecessor-version":[{"id":13219,"href":"https:\/\/www.forum-soegel.de\/information\/wp-json\/wp\/v2\/posts\/13217\/revisions\/13219"}],"wp:attachment":[{"href":"https:\/\/www.forum-soegel.de\/information\/wp-json\/wp\/v2\/media?parent=13217"}],"wp:term":[{"taxonomy":"category","embeddable":true,"href":"https:\/\/www.forum-soegel.de\/information\/wp-json\/wp\/v2\/categories?post=13217"},{"taxonomy":"post_tag","embeddable":true,"href":"https:\/\/www.forum-soegel.de\/information\/wp-json\/wp\/v2\/tags?post=13217"}],"curies":[{"name":"wp","href":"https:\/\/api.w.org\/{rel}","templated":true}]}}