{"id":1267,"date":"2010-04-01T20:00:53","date_gmt":"2010-04-01T18:00:53","guid":{"rendered":"https:\/\/www.forum-soegel.de\/information\/?p=1267"},"modified":"2010-04-01T21:28:09","modified_gmt":"2010-04-01T19:28:09","slug":"stark-fur-den-aufschwung","status":"publish","type":"post","link":"https:\/\/www.forum-soegel.de\/information\/2010\/04\/stark-fur-den-aufschwung\/","title":{"rendered":"Stark f\u00fcr den Aufschwung"},"content":{"rendered":"<p><span style=\"font-family: Arial, sans-serif;\"><span style=\"font-size: x-small;\">Marco Graf, Hauptgesch\u00e4ftsf\u00fchrer der IHK Osnabr\u00fcck-Emsland, wagte beim Unternehmertreff im Ludmillenhof eine positive Prognose: \u201eNach der historischen Krise im vergangenen Jahr stehen die Zeichen 2010 in unserer Region auf Erholung. Jetzt kommt es darauf an, die Weichen f\u00fcr den Aufschwung richtig zu stellen. Deshalb \u00fcberschreiben die IHKs bundesweit das Jahr mit dem Leitsatz &#8222;Stark f\u00fcr den Aufschwung&#8220;.\u201c<\/span><\/span><span style=\"font-family: Arial, sans-serif;\"><span style=\"font-size: x-small;\">Die Gemeinde S\u00f6gel l\u00e4dt im halbj\u00e4hrigen Turnus die Unternehmerinnen und Unternehmer der Gemeinde S\u00f6gel zum Austauschgespr\u00e4ch ein. Informiert wird dabei \u00fcber aktuelle Themen der regionalen Wirtschaftspolitik, zudem wird ein Gastredner eingeladen, der mit einem themen\u00fcbergreifendem Beitrag zur Diskussion einl\u00e4dt.<\/span><\/span><span style=\"font-family: Arial, sans-serif;\"><span style=\"font-size: x-small;\">Unter dem Motto \u201eStark f\u00fcr den Aufschwung\u201c werde die IHK die Mitgliedsunternehmen durch neue Angebote unterst\u00fctzen, so Graf. Die Leitthemen seien dabei Innovation, Finanzierung und M\u00e4rkte. \u201eDie Unternehmen erhalten etwa bei unseren Sprechtagen und in unseren Informationsveranstaltungen das richtige Handwerkzeug, um ihre Finanzierung abzusichern. Daneben unterst\u00fctzen wir sie durch unsere Innovations- und Patentberatungen sowie durch Unternehmensnetzwerke. Und schlie\u00dflich helfen wir bei der Erschlie\u00dfung neuer M\u00e4rkte.\u201c Dazu machte er ein konkretes Angebot: Die Mitgliedsbetriebe k\u00f6nnen sich zu den IHK-Delegationsreisen anmelden, um dadurch leichter Kontakte zu potentiellen ausl\u00e4ndischen Gesch\u00e4ftspartnern kn\u00fcpfen zu k\u00f6nnen. <\/span><\/span><\/p>\n<p><span style=\"font-family: Arial, sans-serif;\"><span style=\"font-size: x-small;\">B\u00fcrgermeister Heiner Wellenbrock und Gemeindedirektor G\u00fcnter Wigbers berichteten indes \u00fcber die wirtschaftlichen M\u00f6glichkeiten im Ort. Derzeit werde im Wege eines Bauleitplanverfahrens an verkehrsg\u00fcnstiger Stelle am Ortsausgang in Richtung Meppen eine Gewerbefl\u00e4che f\u00fcr den gro\u00dffl\u00e4chigen Einzelhandel ausgewiesen. Des Weiteren sei die Sanierung einer Altlastfl\u00e4che beabsichtigt. <\/span><\/span><\/p>\n<p><span style=\"font-family: Arial, sans-serif;\"><span style=\"font-size: x-small;\">Die auf 3,2 Mio Euro gesch\u00e4tzte Investition m\u00fcsse gr\u00f6\u00dftenteils durch \u00f6ffentliche F\u00f6rdermittel realisierbar gemacht werden. Im Ort werde zeitnah die Raiffeisenbank mit einem Architektenwettbewerb beginnen, so dass auf der Freifl\u00e4che in der Ortsmitte bald mit einer Bebauung gerechnet werden kann. Anfang Juni sei mit der Neuer\u00f6ffnung des Bankgeb\u00e4udes der OLB zu rechnen, die Bauarbeiten bei \u201eKnippers Kohlenhof\u201c werden vermutlich Ende des Sommers abgeschlossen sein, so Wigbers. <\/span><\/span><\/p>\n<p><span style=\"font-family: Arial, sans-serif;\"><span style=\"font-size: x-small;\">Vom HGV S\u00f6gel berichteten Ronald Br\u00e4utigam und Alfons Kohne \u00fcber die in 2010 geplanten Aktivit\u00e4ten. \u201eWir wollen an den Erfolg vom letzten Jahr ankn\u00fcpfen und sogar noch besser werden\u201c, zeigte Kohne sich motiviert f\u00fcr vielerlei Veranstaltungen im laufenden Jahr. <a href=\"https:\/\/www.forum-soegel.de\/information\/wp-content\/uploads\/2010\/03\/UnternehmertreffFr\u00fchjahr2010Ehrung.jpg\"><\/a><\/span><\/span><\/p>\n<p><span style=\"font-family: Arial, sans-serif;\"><span style=\"font-size: x-small;\">Im Verlauf der Versammlung erhielt Heinrich Wagener (Wagener Gastronomie Engineering GmbH) auch die Gl\u00fcckw\u00fcnsche der Gemeinde S\u00f6gel f\u00fcr seine Auszeichnung bei der Meyer Werft als bester Vertragspartner.<\/span><\/span><\/p>\n<p><span style=\"font-family: Arial, sans-serif;\"><span style=\"font-size: xx-small;\">Text\/Foto: IC Gemeinde S\u00f6gel<\/span><\/span><\/p>\n<p><span style=\"font-family: Arial, sans-serif;\"><span style=\"font-size: xx-small;\"><a href=\"https:\/\/www.forum-soegel.de\/information\/wp-content\/uploads\/2010\/04\/UnternehmertreffFr\u00fchjahr2010Ehrung.jpg\"><img loading=\"lazy\" decoding=\"async\" class=\"alignnone size-medium wp-image-1341\" title=\"UnternehmertreffFr\u00fchjahr2010Ehrung\" src=\"https:\/\/www.forum-soegel.de\/information\/wp-content\/uploads\/2010\/04\/UnternehmertreffFr\u00fchjahr2010Ehrung-225x300.jpg\" alt=\"\" width=\"225\" height=\"300\" srcset=\"https:\/\/www.forum-soegel.de\/information\/wp-content\/uploads\/2010\/04\/UnternehmertreffFr\u00fchjahr2010Ehrung-225x300.jpg 225w, https:\/\/www.forum-soegel.de\/information\/wp-content\/uploads\/2010\/04\/UnternehmertreffFr\u00fchjahr2010Ehrung.jpg 576w\" sizes=\"auto, (max-width: 225px) 100vw, 225px\" \/><\/a>\u00a0 <a href=\"https:\/\/www.forum-soegel.de\/information\/wp-content\/uploads\/2010\/04\/UnternehmertreffFr\u00fchjahr2010Graf.jpg\"><img loading=\"lazy\" decoding=\"async\" class=\"alignnone size-medium wp-image-1340\" title=\"UnternehmertreffFr\u00fchjahr2010Graf\" src=\"https:\/\/www.forum-soegel.de\/information\/wp-content\/uploads\/2010\/04\/UnternehmertreffFr\u00fchjahr2010Graf-300x225.jpg\" alt=\"\" width=\"300\" height=\"225\" srcset=\"https:\/\/www.forum-soegel.de\/information\/wp-content\/uploads\/2010\/04\/UnternehmertreffFr\u00fchjahr2010Graf-300x225.jpg 300w, https:\/\/www.forum-soegel.de\/information\/wp-content\/uploads\/2010\/04\/UnternehmertreffFr\u00fchjahr2010Graf-1024x768.jpg 1024w\" sizes=\"auto, (max-width: 300px) 100vw, 300px\" \/><\/a><\/span><\/span><\/p>\n","protected":false},"excerpt":{"rendered":"Marco Graf, Hauptgesch\u00e4ftsf\u00fchrer der IHK Osnabr\u00fcck-Emsland, wagte beim Unternehmertreff im Ludmillenhof eine positive Prognose: \u201eNach der historischen Krise im vergangenen Jahr stehen die Zeichen 2010 in unserer Region auf Erholung. Jetzt kommt es darauf an, die Weichen f\u00fcr den Aufschwung richtig zu stellen. Deshalb \u00fcberschreiben die IHKs bundesweit das Jahr mit dem Leitsatz &#8222;Stark f\u00fcr [&hellip;]\n","protected":false},"author":2,"featured_media":0,"comment_status":"closed","ping_status":"closed","sticky":false,"template":"","format":"standard","meta":{"ngg_post_thumbnail":0,"footnotes":""},"categories":[4],"tags":[],"class_list":["post-1267","post","type-post","status-publish","format-standard","hentry","category-aus-der-geschaftswelt"],"_links":{"self":[{"href":"https:\/\/www.forum-soegel.de\/information\/wp-json\/wp\/v2\/posts\/1267","targetHints":{"allow":["GET"]}}],"collection":[{"href":"https:\/\/www.forum-soegel.de\/information\/wp-json\/wp\/v2\/posts"}],"about":[{"href":"https:\/\/www.forum-soegel.de\/information\/wp-json\/wp\/v2\/types\/post"}],"author":[{"embeddable":true,"href":"https:\/\/www.forum-soegel.de\/information\/wp-json\/wp\/v2\/users\/2"}],"replies":[{"embeddable":true,"href":"https:\/\/www.forum-soegel.de\/information\/wp-json\/wp\/v2\/comments?post=1267"}],"version-history":[{"count":9,"href":"https:\/\/www.forum-soegel.de\/information\/wp-json\/wp\/v2\/posts\/1267\/revisions"}],"predecessor-version":[{"id":1541,"href":"https:\/\/www.forum-soegel.de\/information\/wp-json\/wp\/v2\/posts\/1267\/revisions\/1541"}],"wp:attachment":[{"href":"https:\/\/www.forum-soegel.de\/information\/wp-json\/wp\/v2\/media?parent=1267"}],"wp:term":[{"taxonomy":"category","embeddable":true,"href":"https:\/\/www.forum-soegel.de\/information\/wp-json\/wp\/v2\/categories?post=1267"},{"taxonomy":"post_tag","embeddable":true,"href":"https:\/\/www.forum-soegel.de\/information\/wp-json\/wp\/v2\/tags?post=1267"}],"curies":[{"name":"wp","href":"https:\/\/api.w.org\/{rel}","templated":true}]}}