{"id":12634,"date":"2014-01-18T15:02:44","date_gmt":"2014-01-18T14:02:44","guid":{"rendered":"https:\/\/www.forum-soegel.de\/information\/?p=12634"},"modified":"2014-01-18T15:02:44","modified_gmt":"2014-01-18T14:02:44","slug":"innovatives-projekt-reckall-schuler-in-der-aw-kunstwerkstatt","status":"publish","type":"post","link":"https:\/\/www.forum-soegel.de\/information\/2014\/01\/innovatives-projekt-reckall-schuler-in-der-aw-kunstwerkstatt\/","title":{"rendered":"Innovatives Projekt &#8222;Rec(k)all&#8220; &#8211; Sch\u00fcler in der A+W Kunstwerkstatt"},"content":{"rendered":"<p>S\u00f6gel &#8211; In Kooperation mit der Erich K\u00e4stner-Schule in S\u00f6gel bietet die A+W Jugendwerkstatt im innovativen Projekt: \u201eRec(k)all \u2013 Sch\u00fclerinnen und Sch\u00fclern der siebtenbis neunten Klasse neue Lernmotivation und M\u00f6glichkeiten f\u00fcr die eigene und berufliche Orientierung. Mithilfe eines Selbstmanagement-trainings und kreativen, handwerklichen Angeboten in der Kunstwerkstatt lernen die Sch\u00fclerinnen und Sch\u00fcler losgel\u00f6st vom Schulalltag ihre Talente zu entdecken und gezielt zu nutzen. Dieses erm\u00f6glicht ihnen eine zukunftsgerichtete Lebensplanung. Durch begleitenden Unterricht wird der Anschluss an den Schullehrplan und den Klassenverband sichergestellt. Begleitet werden die Sch\u00fclerinnen und Sch\u00fcler durch eine Lehrkraft der Erich K\u00e4stner-Schule, zwei P\u00e4dagogen vom A+W Team, sowie dem K\u00fcnstler Michael Gerdes. Ein Projekt, das Mut macht! Die vielen beeindruckenden Werke der Kunstwerkstatt werden am 22. Januar 2014 um 12:30 Uhr der \u00d6ffentlichkeit pr\u00e4sentiert. Hierzu sind alle Interessierten herzlichst in die Konferenzhalle des A+W Bildungszentrums in S\u00f6gel eingeladen.<\/p>\n<p>Text\/Foto: A + W Bildungszentrum<\/p>\n<p><a href=\"https:\/\/www.forum-soegel.de\/information\/wp-content\/uploads\/2014\/01\/NUR-INTERNET-Nicht-KORRIGIERT-Innovatives-Projekt-Reckall-Sch\u00fcler-in-der-A+W-Kunstwerkstatt.jpg\"><img loading=\"lazy\" decoding=\"async\" class=\"alignnone size-medium wp-image-12635\" title=\"NUR INTERNET!!  Nicht KORRIGIERT! Innovatives Projekt Rec(k)all - Sch\u00fcler in der A+W Kunstwerkstatt\" src=\"https:\/\/www.forum-soegel.de\/information\/wp-content\/uploads\/2014\/01\/NUR-INTERNET-Nicht-KORRIGIERT-Innovatives-Projekt-Reckall-Sch\u00fcler-in-der-A+W-Kunstwerkstatt-300x107.jpg\" alt=\"\" width=\"300\" height=\"107\" srcset=\"https:\/\/www.forum-soegel.de\/information\/wp-content\/uploads\/2014\/01\/NUR-INTERNET-Nicht-KORRIGIERT-Innovatives-Projekt-Reckall-Sch\u00fcler-in-der-A+W-Kunstwerkstatt-300x107.jpg 300w, https:\/\/www.forum-soegel.de\/information\/wp-content\/uploads\/2014\/01\/NUR-INTERNET-Nicht-KORRIGIERT-Innovatives-Projekt-Reckall-Sch\u00fcler-in-der-A+W-Kunstwerkstatt.jpg 1024w\" sizes=\"auto, (max-width: 300px) 100vw, 300px\" \/><\/a><\/p>\n","protected":false},"excerpt":{"rendered":"S\u00f6gel &#8211; In Kooperation mit der Erich K\u00e4stner-Schule in S\u00f6gel bietet die A+W Jugendwerkstatt im innovativen Projekt: \u201eRec(k)all \u2013 Sch\u00fclerinnen und Sch\u00fclern der siebtenbis neunten Klasse neue Lernmotivation und M\u00f6glichkeiten f\u00fcr die eigene und berufliche Orientierung. Mithilfe eines Selbstmanagement-trainings und kreativen, handwerklichen Angeboten in der Kunstwerkstatt lernen die Sch\u00fclerinnen und Sch\u00fcler losgel\u00f6st vom Schulalltag ihre [&hellip;]\n","protected":false},"author":2,"featured_media":0,"comment_status":"closed","ping_status":"closed","sticky":false,"template":"","format":"standard","meta":{"ngg_post_thumbnail":0,"footnotes":""},"categories":[6],"tags":[],"class_list":["post-12634","post","type-post","status-publish","format-standard","hentry","category-aus-der-schule-geplaudert"],"_links":{"self":[{"href":"https:\/\/www.forum-soegel.de\/information\/wp-json\/wp\/v2\/posts\/12634","targetHints":{"allow":["GET"]}}],"collection":[{"href":"https:\/\/www.forum-soegel.de\/information\/wp-json\/wp\/v2\/posts"}],"about":[{"href":"https:\/\/www.forum-soegel.de\/information\/wp-json\/wp\/v2\/types\/post"}],"author":[{"embeddable":true,"href":"https:\/\/www.forum-soegel.de\/information\/wp-json\/wp\/v2\/users\/2"}],"replies":[{"embeddable":true,"href":"https:\/\/www.forum-soegel.de\/information\/wp-json\/wp\/v2\/comments?post=12634"}],"version-history":[{"count":1,"href":"https:\/\/www.forum-soegel.de\/information\/wp-json\/wp\/v2\/posts\/12634\/revisions"}],"predecessor-version":[{"id":12636,"href":"https:\/\/www.forum-soegel.de\/information\/wp-json\/wp\/v2\/posts\/12634\/revisions\/12636"}],"wp:attachment":[{"href":"https:\/\/www.forum-soegel.de\/information\/wp-json\/wp\/v2\/media?parent=12634"}],"wp:term":[{"taxonomy":"category","embeddable":true,"href":"https:\/\/www.forum-soegel.de\/information\/wp-json\/wp\/v2\/categories?post=12634"},{"taxonomy":"post_tag","embeddable":true,"href":"https:\/\/www.forum-soegel.de\/information\/wp-json\/wp\/v2\/tags?post=12634"}],"curies":[{"name":"wp","href":"https:\/\/api.w.org\/{rel}","templated":true}]}}