{"id":12630,"date":"2014-01-18T15:01:44","date_gmt":"2014-01-18T14:01:44","guid":{"rendered":"https:\/\/www.forum-soegel.de\/information\/?p=12630"},"modified":"2014-01-18T15:01:44","modified_gmt":"2014-01-18T14:01:44","slug":"chore-instrumentalisten-und-solisten-begeisterten-mit-adventskonzert","status":"publish","type":"post","link":"https:\/\/www.forum-soegel.de\/information\/2014\/01\/chore-instrumentalisten-und-solisten-begeisterten-mit-adventskonzert\/","title":{"rendered":"Ch\u00f6re, Instrumentalisten und Solisten begeisterten mit Adventskonzert"},"content":{"rendered":"<p>S\u00f6gel &#8211; \u00a0Am 3. Adventssonntag fand in der voll besetzten Aula des H\u00fcmmling-Gymnasiums S\u00f6gel traditionsgem\u00e4\u00df das Adventskonzert der S\u00f6geler Ch\u00f6re und einem Streicherensemble statt.\u00a0 Der M\u00e4nnergesangverein Harmonie unter der Leitung von Thomas Kramer, der Singkreis S\u00f6gel unter der Leitung von Elisabeth Klinger sowie der Kirchenchor St. Jakobus unter der Leitung von Regionalkantorin Frauke Sparfeldt boten gemeinsam mit dem Streicherensemble Jan Lucas Schmitt,\u00a0 Marc Joel Schmitt, Birgit Schmitt, Frieda Ahrens, Anna-Lea Funke, Frauke Sparfeldt,Zita Steinbildund Christian Velden am Fl\u00fcgel ein vielseitiges Programm. Ausrichter in diesem Jahr war der M\u00e4nnergesangverein Harmonie, dessen Vorsitzender Georg Sewerin die vielen Besucher begr\u00fc\u00dfte und zum Mitsingen der bekannten Lieder \u201eMacht hoch die \u201aT\u00fcr\u201c und \u201eStern \u00fcber Betlehem\u201c \u00a0animierte. Das Konzert begann unter der Leitung von Thomas Kramer \u00a0mit dem von allen Ch\u00f6ren gemeinsam gesungenem Weihnachtsklassiker \u00a0\u201eTochter Zion\u201c von G.F. H\u00e4ndel. Danach sangen die Ch\u00f6re im Wechsel eine Mischung aus altem und neuem Liedgut zur Vorweihnachtszeit. Pastor Matthias Voss hatte die Moderation \u00fcbernommen und\u00a0 leitete sympathisch mit teils heiteren, teils nachdenklichen Versen von einem Musikst\u00fcck zum n\u00e4chsten \u00fcber. \u00a0Zwischendurch begeisterten\u00a0 Jan-Lucas Schmitt am Violincello und Christian Velden am Fl\u00fcgel die Zuh\u00f6rer mit ihren Soloeinlagen. Die Br\u00fcder Jan Lucas Schmitt (Violincello) und Raphael Schmitt(Violine)\u00a0 harmonierten und \u00fcberzeugten \u00a0mit einer Duo-Sonate von Mozart sowie mit der Sonatino IV von G.P. Telemann, bei der sie von Christian Velden am Klavier begleitet wurden. Auch der Projektchor Pro Harmonie unter der Leitung von Thomas Kramer sang sich gekonnt in die Herzen der Zuschauer, die sich mit\u00a0 gro\u00dfem Beifall bedankten. Das gelungene und von hoher Qualit\u00e4t veranstaltete Adventskonzert endete mit den von allen Ch\u00f6ren gesungenen Liedern \u201eEs ist ein Ros entsprungen\u201c\u00a0 und \u201eGloria in exelsis Deo\u201c.<\/p>\n<p>Text: Gisela Arling \/ Foto: Alois B\u00fcter<\/p>\n<p><a href=\"https:\/\/www.forum-soegel.de\/information\/wp-content\/uploads\/2014\/01\/NUR-INTERNET-Nicht-KORRIGIERT-Ch\u00f6re-Instrumentalisten-und-Solisten-begeisterten-mit-Adventskonzert1.jpg\"><img loading=\"lazy\" decoding=\"async\" class=\"alignnone size-medium wp-image-12631\" title=\"NUR INTERNET!!  Nicht KORRIGIERT! Ch\u00f6re, Instrumentalisten und Solisten begeisterten mit Adventskonzert1\" src=\"https:\/\/www.forum-soegel.de\/information\/wp-content\/uploads\/2014\/01\/NUR-INTERNET-Nicht-KORRIGIERT-Ch\u00f6re-Instrumentalisten-und-Solisten-begeisterten-mit-Adventskonzert1-300x200.jpg\" alt=\"\" width=\"300\" height=\"200\" srcset=\"https:\/\/www.forum-soegel.de\/information\/wp-content\/uploads\/2014\/01\/NUR-INTERNET-Nicht-KORRIGIERT-Ch\u00f6re-Instrumentalisten-und-Solisten-begeisterten-mit-Adventskonzert1-300x200.jpg 300w, https:\/\/www.forum-soegel.de\/information\/wp-content\/uploads\/2014\/01\/NUR-INTERNET-Nicht-KORRIGIERT-Ch\u00f6re-Instrumentalisten-und-Solisten-begeisterten-mit-Adventskonzert1.jpg 1024w\" sizes=\"auto, (max-width: 300px) 100vw, 300px\" \/><\/a><\/p>\n<p><a href=\"https:\/\/www.forum-soegel.de\/information\/wp-content\/uploads\/2014\/01\/NUR-INTERNET-Nicht-KORRIGIERT-Ch\u00f6re-Instrumentalisten-und-Solisten-begeisterten-mit-Adventskonzert2.jpg\"><img loading=\"lazy\" decoding=\"async\" class=\"alignnone size-medium wp-image-12632\" title=\"NUR INTERNET!!  Nicht KORRIGIERT! Ch\u00f6re, Instrumentalisten und Solisten begeisterten mit Adventskonzert2\" src=\"https:\/\/www.forum-soegel.de\/information\/wp-content\/uploads\/2014\/01\/NUR-INTERNET-Nicht-KORRIGIERT-Ch\u00f6re-Instrumentalisten-und-Solisten-begeisterten-mit-Adventskonzert2-300x200.jpg\" alt=\"\" width=\"300\" height=\"200\" srcset=\"https:\/\/www.forum-soegel.de\/information\/wp-content\/uploads\/2014\/01\/NUR-INTERNET-Nicht-KORRIGIERT-Ch\u00f6re-Instrumentalisten-und-Solisten-begeisterten-mit-Adventskonzert2-300x200.jpg 300w, https:\/\/www.forum-soegel.de\/information\/wp-content\/uploads\/2014\/01\/NUR-INTERNET-Nicht-KORRIGIERT-Ch\u00f6re-Instrumentalisten-und-Solisten-begeisterten-mit-Adventskonzert2.jpg 1024w\" sizes=\"auto, (max-width: 300px) 100vw, 300px\" \/><\/a><\/p>\n","protected":false},"excerpt":{"rendered":"S\u00f6gel &#8211; \u00a0Am 3. Adventssonntag fand in der voll besetzten Aula des H\u00fcmmling-Gymnasiums S\u00f6gel traditionsgem\u00e4\u00df das Adventskonzert der S\u00f6geler Ch\u00f6re und einem Streicherensemble statt.\u00a0 Der M\u00e4nnergesangverein Harmonie unter der Leitung von Thomas Kramer, der Singkreis S\u00f6gel unter der Leitung von Elisabeth Klinger sowie der Kirchenchor St. Jakobus unter der Leitung von Regionalkantorin Frauke Sparfeldt boten [&hellip;]\n","protected":false},"author":2,"featured_media":0,"comment_status":"closed","ping_status":"closed","sticky":false,"template":"","format":"standard","meta":{"ngg_post_thumbnail":0,"footnotes":""},"categories":[5],"tags":[],"class_list":["post-12630","post","type-post","status-publish","format-standard","hentry","category-was-machen-die-vereine"],"_links":{"self":[{"href":"https:\/\/www.forum-soegel.de\/information\/wp-json\/wp\/v2\/posts\/12630","targetHints":{"allow":["GET"]}}],"collection":[{"href":"https:\/\/www.forum-soegel.de\/information\/wp-json\/wp\/v2\/posts"}],"about":[{"href":"https:\/\/www.forum-soegel.de\/information\/wp-json\/wp\/v2\/types\/post"}],"author":[{"embeddable":true,"href":"https:\/\/www.forum-soegel.de\/information\/wp-json\/wp\/v2\/users\/2"}],"replies":[{"embeddable":true,"href":"https:\/\/www.forum-soegel.de\/information\/wp-json\/wp\/v2\/comments?post=12630"}],"version-history":[{"count":1,"href":"https:\/\/www.forum-soegel.de\/information\/wp-json\/wp\/v2\/posts\/12630\/revisions"}],"predecessor-version":[{"id":12633,"href":"https:\/\/www.forum-soegel.de\/information\/wp-json\/wp\/v2\/posts\/12630\/revisions\/12633"}],"wp:attachment":[{"href":"https:\/\/www.forum-soegel.de\/information\/wp-json\/wp\/v2\/media?parent=12630"}],"wp:term":[{"taxonomy":"category","embeddable":true,"href":"https:\/\/www.forum-soegel.de\/information\/wp-json\/wp\/v2\/categories?post=12630"},{"taxonomy":"post_tag","embeddable":true,"href":"https:\/\/www.forum-soegel.de\/information\/wp-json\/wp\/v2\/tags?post=12630"}],"curies":[{"name":"wp","href":"https:\/\/api.w.org\/{rel}","templated":true}]}}