{"id":1238,"date":"2010-04-01T00:01:19","date_gmt":"2010-03-31T22:01:19","guid":{"rendered":"https:\/\/www.forum-soegel.de\/information\/?p=1238"},"modified":"2010-04-02T19:45:39","modified_gmt":"2010-04-02T17:45:39","slug":"udo-jurgens-gastiert-am-21-august-2010-in-sogel","status":"publish","type":"post","link":"https:\/\/www.forum-soegel.de\/information\/2010\/04\/udo-jurgens-gastiert-am-21-august-2010-in-sogel\/","title":{"rendered":"Udo J\u00fcrgens gastiert am 21. August 2010 in S\u00f6gel"},"content":{"rendered":"<p><strong><img loading=\"lazy\" decoding=\"async\" class=\"alignleft size-full wp-image-1722\" title=\"clip_image007.jpg\" src=\"https:\/\/www.forum-soegel.de\/information\/wp-content\/uploads\/2010\/04\/clip_image007.jpg.gif\" alt=\"\" width=\"87\" height=\"87\" \/>Live und Open Air auf dem Ludmillenhof \u2013 Einziges Konzert in Nordwestdeutschland<img loading=\"lazy\" decoding=\"async\" class=\"alignright size-full wp-image-1726\" title=\"clip_image002.jpg\" src=\"https:\/\/www.forum-soegel.de\/information\/wp-content\/uploads\/2010\/04\/clip_image0021.jpg1.jpg\" alt=\"\" width=\"197\" height=\"106\" \/><\/strong><\/p>\n<p>Udo J\u00fcrgens \u2013 live und open air auf dem S\u00f6geler Ludmillenhof. Ein Konzert des wohl bedeutendsten Entertainers im deutschsprachigen Raum hat gute Chancen, zum diesj\u00e4hrigen Top-Act des \u00fcberregionalen Kulturangebotes zu werden. Der bundesweite Kartenvorverkauf f\u00fcr das Live-Konzert am Samstag, 21. August 2010, begann am 19. M\u00e4rz, im S\u00f6geler Rathaus und im Internet.<\/p>\n<p>Nach der Galanacht der deutschen Star-Ten\u00f6re im Mai des vergangenen Jahres gelingt der Gemeinde S\u00f6gel in Kooperation mit dem Kulturkreis Clemenswerth e.V. nun offenbar der ganz gro\u00dfe Wurf. S\u00f6gel ist im Jahr 2010 im Nordwesten Deutschlands der einzige Konzert-Ort des mittlerweile 75-j\u00e4hrigen S\u00e4ngers, der quer durch alle Generationen Anh\u00e4nger hat.<\/p>\n<p>B\u00fcrgermeister Heiner Wellenbrock unterstrich w\u00e4hrend der Pressekonferenz im S\u00f6geler Rathaus, dass S\u00f6gel als Veranstaltungsort den Vorzug bekommen habe vor Oldenburg, Osnabr\u00fcck, Emden sowie Nordhorn.<\/p>\n<p>4000 Sitzplatzkarten seien f\u00fcr das Mega-Event zu vergeben.<\/p>\n<p>Udo J\u00fcrgens vor der historischen Kulisse des Ludmillenhofes und mit gastronomischer Meile unter hohen belaubten Linden des anmutenden Parks am Rathaus in S\u00f6gels Mitte, das alles k\u00f6nne eine genussvoller Abend werden. National und international stehe der Mann am Klavier f\u00fcr ausverkaufte Hallen und<\/p>\n<p>G\u00e4nsehautkonzerte. Auf einem LED-Gro\u00dfbildschirm werde das Konzert zus\u00e4tzlich zu verfolgen sein.<\/p>\n<p>\u00a0\u201eDie wichtigste Botschaft f\u00fcr mich ist, dass S\u00f6gel sich bei den gro\u00dfen deutschen Konzertagenturen endg\u00fcltig einen Namen macht und nunmehr als ernst zu nehmender Partner f\u00fcr Gro\u00dfveranstaltungen anerkannt ist.<\/p>\n<p>Udo J\u00fcrgens ist eine herausragende Referenz,\u201c machte Gemeindedirektor G\u00fcnter Wigbers deutlich. Nachdem im vergangenen Jahr Semmel Concerts aus Bayreuth Partner der Gemeinde S\u00f6gel gewesen sei, habe man nun seit November letzten Jahres mit der Konzertagentur ASS aus Hamburg \u00fcber ein herausragendes K\u00fcnstlerengagement verhandelt. Eigentliche Urheberin der Idee, Udo J\u00fcrgens nach S\u00f6gel zu holen, sei die S\u00f6gel Events GbR in Person von Markus Kohnen und Anno Immenga..<\/p>\n<p>Wellenbrock betonte, dass die Bem\u00fchungen S\u00f6gels, den historischen Rathausvorplatz als Veranstaltungsforum zu etablieren, Erfolg zeigten. Der Abend mit Udo J\u00fcrgens strahle weit \u00fcber die Region hinaus, und S\u00f6gel setze damit erneut ein deutliches Signal, kulturelles Schwergewicht und eine attraktive, innovative Gemeinde im Emsland zu sein.<\/p>\n<p>Bew\u00e4ltigen kann S\u00f6gel das Udo-Konzert nur mit Unterst\u00fctzung zahlreicher Helfer. Die Hauptverantwortung liegt in den H\u00e4nden von Ingrid Cloppenburg, die seit vielen Jahren f\u00fcr kulturelle Veranstaltungen im und am Rathaus sowie f\u00fcr die \u00d6ffentlichkeitsarbeit verantwortlich ist.<\/p>\n<p>\u201eEs sind tausend Kleinigkeiten zu bedenken, wir wollen und wir werden unseren G\u00e4sten einen unvergesslichen Sommerabend bescheren\u201c, verspricht Cloppenburg. F\u00fcr den Kulturkeis Clemenswerth ist es die bisher gr\u00f6\u00dfte Veranstaltung dieser Art und eine \u201eechte Herausforderungen\u201c f\u00fcr den gesamten Vorstand. Vorsitzender Peter Wittekindt sprach von einer wichtigen Partnerschaft mit der Gemeinde S\u00f6gel.<\/p>\n<p>Das kulturelle Sommerprogramm in S\u00f6gel bietet eine gro\u00dfe Auswahl. Mit\u00a0 ParkArt als Kunstmarkt auf Schlo\u00df Clemenswerth, dem Kleinen Fest im gro\u00dfen Park, dem nieders\u00e4chsischen Landeswettbewerb des Jagdhornbl\u00e4ser, dem Partnerschaftsfest mit der niederl\u00e4ndischen Gemeinde Noordenfeld, der Maria-Himmelfahrts-Kirmes, dem Kulinarischer Markt und mit Udo J\u00fcrgens gehen allein von Juni bis August gleich sieben Gro\u00dfveranstaltungen \u00fcber die B\u00fchne. Eine umfangreiche gastronomische Meile, die zwei Stunden vor Beginn des Udo-J\u00fcrgens-Konzertes ab 18 Uhr am Ludmillenhof ge\u00f6ffnet ist, verspricht eine gute Einstimmung auf das Konzert.<\/p>\n<p>Karten f\u00fcr das Udo-J\u00fcrgens-Konzert gibt es ab Freitag, 19. M\u00e4rz, zum Preis zwischen 39 Euro und 85 Euro plus Vorverkaufsgeb\u00fchr im Rathaus der Samtgemeinde S\u00f6gel.<\/p>\n<p>Ebenfalls sind Eintrittskarten in der Gesch\u00e4ftsstelle des Kulturkreises Clemenswerth erh\u00e4ltlich. Am gleichen Tag startete die bundesweite Vermarktung auch \u00fcber die Internet-Plattformen\u00a0\u00a0\u00a0\u00a0\u00a0\u00a0\u00a0\u00a0\u00a0\u00a0\u00a0\u00a0\u00a0\u00a0\u00a0 <a href=\"https:\/\/www.nordwest-ticket.de\/\">www.nordwest-ticket.de<\/a> und <a href=\"https:\/\/www.eventim.de\/\">www.eventim.de<\/a>.<\/p>\n<p>\u00a0<a href=\"https:\/\/www.forum-soegel.de\/information\/wp-content\/uploads\/2010\/03\/Udo-J\u00fcrgens.jpg\"><img loading=\"lazy\" decoding=\"async\" class=\"alignnone size-medium wp-image-1239\" title=\"Udo J\u00fcrgens\" src=\"https:\/\/www.forum-soegel.de\/information\/wp-content\/uploads\/2010\/03\/Udo-J\u00fcrgens-300x225.jpg\" alt=\"\" width=\"300\" height=\"225\" srcset=\"https:\/\/www.forum-soegel.de\/information\/wp-content\/uploads\/2010\/03\/Udo-J\u00fcrgens-300x225.jpg 300w, https:\/\/www.forum-soegel.de\/information\/wp-content\/uploads\/2010\/03\/Udo-J\u00fcrgens.jpg 1024w\" sizes=\"auto, (max-width: 300px) 100vw, 300px\" \/><\/a><\/p>\n","protected":false},"excerpt":{"rendered":"Live und Open Air auf dem Ludmillenhof \u2013 Einziges Konzert in Nordwestdeutschland Udo J\u00fcrgens \u2013 live und open air auf dem S\u00f6geler Ludmillenhof. Ein Konzert des wohl bedeutendsten Entertainers im deutschsprachigen Raum hat gute Chancen, zum diesj\u00e4hrigen Top-Act des \u00fcberregionalen Kulturangebotes zu werden. Der bundesweite Kartenvorverkauf f\u00fcr das Live-Konzert am Samstag, 21. August 2010, begann [&hellip;]\n","protected":false},"author":2,"featured_media":0,"comment_status":"closed","ping_status":"closed","sticky":false,"template":"","format":"standard","meta":{"ngg_post_thumbnail":0,"footnotes":""},"categories":[3],"tags":[238,72,237],"class_list":["post-1238","post","type-post","status-publish","format-standard","hentry","category-aktuelles-aus-der-region","tag-konzert","tag-ludmillenhof","tag-udo-jurgens"],"_links":{"self":[{"href":"https:\/\/www.forum-soegel.de\/information\/wp-json\/wp\/v2\/posts\/1238","targetHints":{"allow":["GET"]}}],"collection":[{"href":"https:\/\/www.forum-soegel.de\/information\/wp-json\/wp\/v2\/posts"}],"about":[{"href":"https:\/\/www.forum-soegel.de\/information\/wp-json\/wp\/v2\/types\/post"}],"author":[{"embeddable":true,"href":"https:\/\/www.forum-soegel.de\/information\/wp-json\/wp\/v2\/users\/2"}],"replies":[{"embeddable":true,"href":"https:\/\/www.forum-soegel.de\/information\/wp-json\/wp\/v2\/comments?post=1238"}],"version-history":[{"count":8,"href":"https:\/\/www.forum-soegel.de\/information\/wp-json\/wp\/v2\/posts\/1238\/revisions"}],"predecessor-version":[{"id":1721,"href":"https:\/\/www.forum-soegel.de\/information\/wp-json\/wp\/v2\/posts\/1238\/revisions\/1721"}],"wp:attachment":[{"href":"https:\/\/www.forum-soegel.de\/information\/wp-json\/wp\/v2\/media?parent=1238"}],"wp:term":[{"taxonomy":"category","embeddable":true,"href":"https:\/\/www.forum-soegel.de\/information\/wp-json\/wp\/v2\/categories?post=1238"},{"taxonomy":"post_tag","embeddable":true,"href":"https:\/\/www.forum-soegel.de\/information\/wp-json\/wp\/v2\/tags?post=1238"}],"curies":[{"name":"wp","href":"https:\/\/api.w.org\/{rel}","templated":true}]}}