{"id":1225,"date":"2010-04-01T00:01:09","date_gmt":"2010-03-31T22:01:09","guid":{"rendered":"https:\/\/www.forum-soegel.de\/information\/?p=1225"},"modified":"2010-04-02T16:29:19","modified_gmt":"2010-04-02T14:29:19","slug":"polizei-auf-dem-hummling-wird-verstarkt","status":"publish","type":"post","link":"https:\/\/www.forum-soegel.de\/information\/2010\/04\/polizei-auf-dem-hummling-wird-verstarkt\/","title":{"rendered":"Polizei auf dem H\u00fcmmling wird verst\u00e4rkt"},"content":{"rendered":"<p>\u00a0\u201eWir wollen die Sicherheit f\u00fcr rund 45.000 B\u00fcrgerinnen und B\u00fcrger auf dem H\u00fcmmling erh\u00f6hen\u201c, dieses teilte Polizeipr\u00e4sidentin Heike Fischer w\u00e4hrend einer Pressekonferenz im Rathaus in S\u00f6gel mit.<\/p>\n<p>\u00a0Neben Heike Fischer nahmen die B\u00fcrgermeister der Gemeinden auf dem H\u00fcmmling, der nieders\u00e4chsische Justizminister Bernd Busemann, der Erste Kreisrat Dr. Bernd Kuckuck vom Landkreis Emsland und der Leitende Polizeidirektor Karl-Heinz Br\u00fcggemann von der Polizeiinspektion an der Vorstellung der Neuorganisation der Polizei auf dem H\u00fcmmling teil.<\/p>\n<p>Die Neuorganisation sieht vor, dass die Dienststellen in S\u00f6gel, Werlte und Esterwegen im Herbst 2010 zu einer \u201ePolizeistation H\u00fcmmling\u201c zusammengefasst werden und am Standort in Werlte zu den bislang drei Beamten sechs zus\u00e4tzliche Mitarbeiter hinzukommen. \u201eDurch die Erh\u00f6hung der polizeilichen Pr\u00e4senz in der Fl\u00e4che wollen wir das Sicherheitsgef\u00fchl der Bev\u00f6lkerung st\u00e4rken und eine gr\u00f6\u00dfere B\u00fcrgern\u00e4he und effektivere Kriminalit\u00e4tsbek\u00e4mpfung und \u2013Verh\u00fctung erreichen\u201c, erl\u00e4uterte die Polizeipr\u00e4sidentin die Ziele der Umorganisation.<\/p>\n<p>In der neuen Polizeistation H\u00fcmmling werden insgesamt 27 Beamtinnen und Beamte t\u00e4tig sein. \u201eAm Hauptstandort in S\u00f6gel werden neben dem Leiter der Polizeistation H\u00fcmmling, Kriminalhauptkommissar Josef Arlinghaus, 13 Kolleginnen und Kollegen im Rund-um-die-Uhr-Dienst und zwei weitere Kollegen f\u00fcr die Ermittlungsarbeit eingesetzt.<\/p>\n<p>In Werlte, wo wir die Ermittlungsarbeit konzentrieren wollen, werden demn\u00e4chst neun Beamte Dienst versehen.<\/p>\n<p>Dort werden wir auch ein etwa 40 000 Euro teures Live-Scan-Ger\u00e4t installieren, mit dem wir digital Fingerabdr\u00fccke nehmen k\u00f6nnen, um diese dann sofort dem Bundeskriminalamt zum Abgleich zu \u00fcberspielen\u201c, erkl\u00e4rte der Leiter der Polizeiinspektion Karl-Heinz Br\u00fcggemann die neuen Strukturen. \u201eDies ist ein guter Tag f\u00fcr den H\u00fcmmling\u201c, freute sich Br\u00fcggemann<\/p>\n<p>Im Rahmen der Neuorganisation will die Polizei in S\u00f6gel und Werlte neue R\u00e4ume beziehen. In S\u00f6gel soll die Dienststelle in ein Geb\u00e4ude gegen\u00fcber dem Rathaus am Prinzenkamp einziehen, wo auch die Agentur f\u00fcr Arbeit ihren Sitz hat. Gemeindedirektor G\u00fcnter Wigbers zeigte sich zufrieden mit der neuen L\u00f6sung. \u201eDie Umstrukturierung geht nicht zu Lasten der S\u00f6geler Polizeistation.\u201c In diesem Sinne lobte er die organisatorische Umstrukturierung der Polizeipr\u00e4senz auf dem H\u00fcmmling.<\/p>\n<p>Neue R\u00e4ume f\u00fcr die Beamten in Werlte m\u00fcssen hingegen noch gefunden werden, erkl\u00e4rte Br\u00fcggemann. Auch die Pr\u00e4senzzeiten werden in Werlte von 7 bis 21Uhr ausgeweitet und am Wochenende soll eine zweite Polizeistreife f\u00fcr mehr Sicherheit auf dem H\u00fcmmling sorgen. \u201eWir freuen uns aus Sicht des Landkreises, dass diese positive L\u00f6sung der Polizeiverst\u00e4rkung erarbeitet wurde\u201c, machte Dr. Bernd Kuckuck vom Landkreis Emsland deutlich. Der nieders\u00e4chsische Justizminister Bernd Busemann erwartet, dass durch die Erh\u00f6hung der Polizeipr\u00e4senz das pers\u00f6nliche Sicherheitsempfinden der Menschen auf dem H\u00fcmmling gest\u00e4rkt wird.<\/p>\n<p><a href=\"https:\/\/www.forum-soegel.de\/information\/wp-content\/uploads\/2010\/03\/PolizeiPressekonferenzmitFischer.jpg\"><img loading=\"lazy\" decoding=\"async\" class=\"alignnone size-medium wp-image-1226\" title=\"PolizeiPressekonferenzmitFischer\" src=\"https:\/\/www.forum-soegel.de\/information\/wp-content\/uploads\/2010\/03\/PolizeiPressekonferenzmitFischer-300x225.jpg\" alt=\"\" width=\"300\" height=\"225\" srcset=\"https:\/\/www.forum-soegel.de\/information\/wp-content\/uploads\/2010\/03\/PolizeiPressekonferenzmitFischer-300x225.jpg 300w, https:\/\/www.forum-soegel.de\/information\/wp-content\/uploads\/2010\/03\/PolizeiPressekonferenzmitFischer.jpg 1024w\" sizes=\"auto, (max-width: 300px) 100vw, 300px\" \/><\/a>\u00a0<\/p>\n<p>Text\/Foto: IC<\/p>\n","protected":false},"excerpt":{"rendered":"\u00a0\u201eWir wollen die Sicherheit f\u00fcr rund 45.000 B\u00fcrgerinnen und B\u00fcrger auf dem H\u00fcmmling erh\u00f6hen\u201c, dieses teilte Polizeipr\u00e4sidentin Heike Fischer w\u00e4hrend einer Pressekonferenz im Rathaus in S\u00f6gel mit. \u00a0Neben Heike Fischer nahmen die B\u00fcrgermeister der Gemeinden auf dem H\u00fcmmling, der nieders\u00e4chsische Justizminister Bernd Busemann, der Erste Kreisrat Dr. Bernd Kuckuck vom Landkreis Emsland und der Leitende [&hellip;]\n","protected":false},"author":2,"featured_media":0,"comment_status":"closed","ping_status":"closed","sticky":false,"template":"","format":"standard","meta":{"ngg_post_thumbnail":0,"footnotes":""},"categories":[3],"tags":[214],"class_list":["post-1225","post","type-post","status-publish","format-standard","hentry","category-aktuelles-aus-der-region","tag-polizei"],"_links":{"self":[{"href":"https:\/\/www.forum-soegel.de\/information\/wp-json\/wp\/v2\/posts\/1225","targetHints":{"allow":["GET"]}}],"collection":[{"href":"https:\/\/www.forum-soegel.de\/information\/wp-json\/wp\/v2\/posts"}],"about":[{"href":"https:\/\/www.forum-soegel.de\/information\/wp-json\/wp\/v2\/types\/post"}],"author":[{"embeddable":true,"href":"https:\/\/www.forum-soegel.de\/information\/wp-json\/wp\/v2\/users\/2"}],"replies":[{"embeddable":true,"href":"https:\/\/www.forum-soegel.de\/information\/wp-json\/wp\/v2\/comments?post=1225"}],"version-history":[{"count":3,"href":"https:\/\/www.forum-soegel.de\/information\/wp-json\/wp\/v2\/posts\/1225\/revisions"}],"predecessor-version":[{"id":1653,"href":"https:\/\/www.forum-soegel.de\/information\/wp-json\/wp\/v2\/posts\/1225\/revisions\/1653"}],"wp:attachment":[{"href":"https:\/\/www.forum-soegel.de\/information\/wp-json\/wp\/v2\/media?parent=1225"}],"wp:term":[{"taxonomy":"category","embeddable":true,"href":"https:\/\/www.forum-soegel.de\/information\/wp-json\/wp\/v2\/categories?post=1225"},{"taxonomy":"post_tag","embeddable":true,"href":"https:\/\/www.forum-soegel.de\/information\/wp-json\/wp\/v2\/tags?post=1225"}],"curies":[{"name":"wp","href":"https:\/\/api.w.org\/{rel}","templated":true}]}}