{"id":12163,"date":"2013-11-10T09:59:50","date_gmt":"2013-11-10T08:59:50","guid":{"rendered":"https:\/\/www.forum-soegel.de\/information\/?p=12163"},"modified":"2013-11-10T10:00:29","modified_gmt":"2013-11-10T09:00:29","slug":"mundrauber-radtour-2013","status":"publish","type":"post","link":"https:\/\/www.forum-soegel.de\/information\/2013\/11\/mundrauber-radtour-2013\/","title":{"rendered":"Mundr\u00e4uber-Radtour 2013"},"content":{"rendered":"<p style=\"text-align: left;\" align=\"center\"><strong>Strahlender Sonnenschein und eine kr\u00e4ftige Brise Wind<\/strong><\/p>\n<p>S\u00f6gel &#8211; Aus vielen verschiedenen Orten radelten rund 1.300 Teilnehmer am Sonntag, dem 29.09.2013 nach Essen, wo ein buntes Programm rund um das Thema \u201eObst\u201c auf dem Gel\u00e4nde der Oberschule geboten wurde. Organisatoren waren die Hasetal-Touristik und die \u00f6rtlichen Volks- und Raiffeisenbanken.<\/p>\n<p>16 der Teilnehmer geh\u00f6rten zur Gruppe der Raiffeisenbank Emsland-Mitte eG. Gegen 10.00 Uhr starteten die Radler in S\u00f6gel. \u00dcber Werlte f\u00fchrte die Route nach Lindern, wo eine deftige Erbsensuppe am Mittag zur St\u00e4rkung diente.<\/p>\n<p>Der weitere Weg ging bei strahlendem Sonnenschein und einer kr\u00e4ftigen Brise Wind \u00fcber Lastrup, Kleinenging und Hamstrup nach Essen, wo selbst gebackener Kuchen und Kaffee von den Landfrauen serviert wurde.<\/p>\n<p>Viele Aussteller trugen z.B. mit einer Sortenbestimmung von \u00c4pfeln, verschiedenen Obstlik\u00f6ren und Marmeladen zu einem gelungenen Tag bei.<\/p>\n<p>Nach der Tombola um 17.00 Uhr machten sich die Radfahrer mit dem Bus oder dem Fahrrad auf den Weg zur\u00fcck nach S\u00f6gel.<\/p>\n<p>Text\/Foto: Ursula Vorholt, Raiffeisenbank Emsland-Mitte eG<\/p>\n<p><a href=\"https:\/\/www.forum-soegel.de\/information\/wp-content\/uploads\/2013\/11\/Mundr\u00e4uber-Radtour-2013.jpg\"><img loading=\"lazy\" decoding=\"async\" class=\"alignnone size-medium wp-image-12166\" title=\"Mundr\u00e4uber-Radtour 2013\" src=\"https:\/\/www.forum-soegel.de\/information\/wp-content\/uploads\/2013\/11\/Mundr\u00e4uber-Radtour-2013-300x183.jpg\" alt=\"\" width=\"300\" height=\"183\" srcset=\"https:\/\/www.forum-soegel.de\/information\/wp-content\/uploads\/2013\/11\/Mundr\u00e4uber-Radtour-2013-300x183.jpg 300w, https:\/\/www.forum-soegel.de\/information\/wp-content\/uploads\/2013\/11\/Mundr\u00e4uber-Radtour-2013.jpg 1024w\" sizes=\"auto, (max-width: 300px) 100vw, 300px\" \/><\/a><\/p>\n<p>&nbsp;<\/p>\n","protected":false},"excerpt":{"rendered":"Strahlender Sonnenschein und eine kr\u00e4ftige Brise Wind S\u00f6gel &#8211; Aus vielen verschiedenen Orten radelten rund 1.300 Teilnehmer am Sonntag, dem 29.09.2013 nach Essen, wo ein buntes Programm rund um das Thema \u201eObst\u201c auf dem Gel\u00e4nde der Oberschule geboten wurde. Organisatoren waren die Hasetal-Touristik und die \u00f6rtlichen Volks- und Raiffeisenbanken. 16 der Teilnehmer geh\u00f6rten zur Gruppe [&hellip;]\n","protected":false},"author":2,"featured_media":0,"comment_status":"closed","ping_status":"closed","sticky":false,"template":"","format":"standard","meta":{"ngg_post_thumbnail":0,"footnotes":""},"categories":[4],"tags":[],"class_list":["post-12163","post","type-post","status-publish","format-standard","hentry","category-aus-der-geschaftswelt"],"_links":{"self":[{"href":"https:\/\/www.forum-soegel.de\/information\/wp-json\/wp\/v2\/posts\/12163","targetHints":{"allow":["GET"]}}],"collection":[{"href":"https:\/\/www.forum-soegel.de\/information\/wp-json\/wp\/v2\/posts"}],"about":[{"href":"https:\/\/www.forum-soegel.de\/information\/wp-json\/wp\/v2\/types\/post"}],"author":[{"embeddable":true,"href":"https:\/\/www.forum-soegel.de\/information\/wp-json\/wp\/v2\/users\/2"}],"replies":[{"embeddable":true,"href":"https:\/\/www.forum-soegel.de\/information\/wp-json\/wp\/v2\/comments?post=12163"}],"version-history":[{"count":2,"href":"https:\/\/www.forum-soegel.de\/information\/wp-json\/wp\/v2\/posts\/12163\/revisions"}],"predecessor-version":[{"id":12167,"href":"https:\/\/www.forum-soegel.de\/information\/wp-json\/wp\/v2\/posts\/12163\/revisions\/12167"}],"wp:attachment":[{"href":"https:\/\/www.forum-soegel.de\/information\/wp-json\/wp\/v2\/media?parent=12163"}],"wp:term":[{"taxonomy":"category","embeddable":true,"href":"https:\/\/www.forum-soegel.de\/information\/wp-json\/wp\/v2\/categories?post=12163"},{"taxonomy":"post_tag","embeddable":true,"href":"https:\/\/www.forum-soegel.de\/information\/wp-json\/wp\/v2\/tags?post=12163"}],"curies":[{"name":"wp","href":"https:\/\/api.w.org\/{rel}","templated":true}]}}