{"id":12157,"date":"2013-11-10T09:55:34","date_gmt":"2013-11-10T08:55:34","guid":{"rendered":"https:\/\/www.forum-soegel.de\/information\/?p=12157"},"modified":"2013-11-10T09:55:34","modified_gmt":"2013-11-10T08:55:34","slug":"sicherheit-im-strasenverkehr","status":"publish","type":"post","link":"https:\/\/www.forum-soegel.de\/information\/2013\/11\/sicherheit-im-strasenverkehr\/","title":{"rendered":"Sicherheit im Stra\u00dfenverkehr"},"content":{"rendered":"<p>Damit sich auch die kleinsten Teilnehmer im Stra\u00dfenverkehr mit mehr Sicherheit auf den Weg in den morgendlichen Alltag machen k\u00f6nnen, stattete die<strong> <\/strong>Raiffeisenbank-Emsland-Mitte eG<strong> <\/strong>die Kinderg\u00e4rten in S\u00f6gel, Spahnharrenst\u00e4tte, Ber\u00dfen, Lahn, Werpeloh und Stavern mit reflektierenden Warnwesten aus.<\/p>\n<p>Gerade auf dem Fahrrad werden die Kinder bei schlechten Sichtverh\u00e4ltnissen schnell \u00fcbersehen. So soll durch eine kleine Spende an Warnwesten ein hoffentlich gro\u00dfer Effekt f\u00fcr die Sicherheit der Kinder gewonnen werden.<\/p>\n<p>Unser Bild zeigt die Kinder aus dem Kindergarten Arche Noah in S\u00f6gel.<\/p>\n<p>Text\/Foto: Sylvia Maue, Raiffeisenbank Emsland-Mitte eG<\/p>\n<p><a href=\"https:\/\/www.forum-soegel.de\/information\/wp-content\/uploads\/2013\/11\/Sicherheit-im-Stra\u00dfenverkehr.jpg\"><img loading=\"lazy\" decoding=\"async\" class=\"alignnone size-medium wp-image-12158\" title=\"Sicherheit im Stra\u00dfenverkehr\" src=\"https:\/\/www.forum-soegel.de\/information\/wp-content\/uploads\/2013\/11\/Sicherheit-im-Stra\u00dfenverkehr-300x246.jpg\" alt=\"\" width=\"300\" height=\"246\" srcset=\"https:\/\/www.forum-soegel.de\/information\/wp-content\/uploads\/2013\/11\/Sicherheit-im-Stra\u00dfenverkehr-300x246.jpg 300w, https:\/\/www.forum-soegel.de\/information\/wp-content\/uploads\/2013\/11\/Sicherheit-im-Stra\u00dfenverkehr.jpg 935w\" sizes=\"auto, (max-width: 300px) 100vw, 300px\" \/><\/a><\/p>\n","protected":false},"excerpt":{"rendered":"Damit sich auch die kleinsten Teilnehmer im Stra\u00dfenverkehr mit mehr Sicherheit auf den Weg in den morgendlichen Alltag machen k\u00f6nnen, stattete die Raiffeisenbank-Emsland-Mitte eG die Kinderg\u00e4rten in S\u00f6gel, Spahnharrenst\u00e4tte, Ber\u00dfen, Lahn, Werpeloh und Stavern mit reflektierenden Warnwesten aus. Gerade auf dem Fahrrad werden die Kinder bei schlechten Sichtverh\u00e4ltnissen schnell \u00fcbersehen. So soll durch eine kleine [&hellip;]\n","protected":false},"author":2,"featured_media":0,"comment_status":"closed","ping_status":"closed","sticky":false,"template":"","format":"standard","meta":{"ngg_post_thumbnail":0,"footnotes":""},"categories":[4],"tags":[],"class_list":["post-12157","post","type-post","status-publish","format-standard","hentry","category-aus-der-geschaftswelt"],"_links":{"self":[{"href":"https:\/\/www.forum-soegel.de\/information\/wp-json\/wp\/v2\/posts\/12157","targetHints":{"allow":["GET"]}}],"collection":[{"href":"https:\/\/www.forum-soegel.de\/information\/wp-json\/wp\/v2\/posts"}],"about":[{"href":"https:\/\/www.forum-soegel.de\/information\/wp-json\/wp\/v2\/types\/post"}],"author":[{"embeddable":true,"href":"https:\/\/www.forum-soegel.de\/information\/wp-json\/wp\/v2\/users\/2"}],"replies":[{"embeddable":true,"href":"https:\/\/www.forum-soegel.de\/information\/wp-json\/wp\/v2\/comments?post=12157"}],"version-history":[{"count":1,"href":"https:\/\/www.forum-soegel.de\/information\/wp-json\/wp\/v2\/posts\/12157\/revisions"}],"predecessor-version":[{"id":12159,"href":"https:\/\/www.forum-soegel.de\/information\/wp-json\/wp\/v2\/posts\/12157\/revisions\/12159"}],"wp:attachment":[{"href":"https:\/\/www.forum-soegel.de\/information\/wp-json\/wp\/v2\/media?parent=12157"}],"wp:term":[{"taxonomy":"category","embeddable":true,"href":"https:\/\/www.forum-soegel.de\/information\/wp-json\/wp\/v2\/categories?post=12157"},{"taxonomy":"post_tag","embeddable":true,"href":"https:\/\/www.forum-soegel.de\/information\/wp-json\/wp\/v2\/tags?post=12157"}],"curies":[{"name":"wp","href":"https:\/\/api.w.org\/{rel}","templated":true}]}}