{"id":12111,"date":"2013-11-10T09:06:44","date_gmt":"2013-11-10T08:06:44","guid":{"rendered":"https:\/\/www.forum-soegel.de\/information\/?p=12111"},"modified":"2013-11-10T09:06:44","modified_gmt":"2013-11-10T08:06:44","slug":"neun-pflegefachkrafte-starten-ins-berufsleben","status":"publish","type":"post","link":"https:\/\/www.forum-soegel.de\/information\/2013\/11\/neun-pflegefachkrafte-starten-ins-berufsleben\/","title":{"rendered":"Neun Pflegefachkr\u00e4fte starten ins Berufsleben"},"content":{"rendered":"<p>S\u00f6gel &#8211; Neun Sch\u00fcler bestanden am vergangenen Freitag ihr Examen an der Krankenpflegeschule am H\u00fcmmling Krankenhaus S\u00f6gel. Damit fiel f\u00fcr sie der Startschuss als Fachkr\u00e4fte in der Gesundheits- und Krankenpflege.<\/p>\n<p>\u201eWir sind stolz, auch in diesem Jahr wieder unseren eigenen Absolventen zum bestandenen Examen gratulieren zu k\u00f6nnen. Mit Blick auf den ansteigenden Fachkr\u00e4ftemangel investieren wir auch in die Zukunft unseres Krankenhauses\u201c, sagte Manfred M\u00f6heken, stellvertretender Gesch\u00e4ftsf\u00fchrer anl\u00e4sslich der Examensfeier. Zwar w\u00fcrden viele Absolventen das S\u00f6geler Krankenhaus erst einmal verlassen, um in gr\u00f6\u00dferen H\u00e4usern Erfahrungen zu sammeln, f\u00fchrte M\u00f6heken aus,ein Gro\u00dfteil k\u00e4me fr\u00fcher oder sp\u00e4ter doch zur\u00fcck.<\/p>\n<p>Drei Jahre, 2100 Stunden theoretischer Unterricht und 2500 Stunden Praxis liegen hinter den\u00a0 Absolventen. Mit dem Abschluss sind sie der 21. Kurs, der an der Krankenpflegeschule am S\u00f6geler Krankenhaus ausgebildet wurde. Alle neun Absolventen haben eine Arbeitsstelle oder besuchen eine weiterf\u00fchrende Schule.<\/p>\n<p>Ihr Diplom als Gesundheits- und Krankenpfleger\/in erhielten die Absolventen aus den H\u00e4nden von Schulleiter Bernhard Brachem und Konventoberin Schwester M. Hubertis. Dazu waren die Familien, Freunde und Kollegen aus dem H\u00fcmmling Krankenhaus S\u00f6gel gekommen.<\/p>\n<p>Das Examen bestanden:\u00a0 Alexandra Boos, (Esterwegen), Philipp Bowen, (Werpeloh), Monique Dicken, (Lorup), Thilakshini Doraraj, (S\u00f6gel), Sabrina Gerdes, (Stavern), Ralf Korte, (Lorup), Vanessa K\u00fcwen, (Surwold), Lisa Ostermann, (Esterwegen) und Hannes Schulte, (Meppen).<\/p>\n<p>Text\/Foto: H\u00fcmmling Krankenhaus S\u00f6gel<\/p>\n<div id=\"attachment_12112\" style=\"width: 310px\" class=\"wp-caption alignnone\"><a href=\"https:\/\/www.forum-soegel.de\/information\/wp-content\/uploads\/2013\/11\/Neun-Pflegefachkr\u00e4fte-starten-ins-Berufsleben.jpg\"><img loading=\"lazy\" decoding=\"async\" aria-describedby=\"caption-attachment-12112\" class=\"size-medium wp-image-12112\" title=\"Neun Pflegefachkr\u00e4fte starten ins Berufsleben\" src=\"https:\/\/www.forum-soegel.de\/information\/wp-content\/uploads\/2013\/11\/Neun-Pflegefachkr\u00e4fte-starten-ins-Berufsleben-300x139.jpg\" alt=\"\" width=\"300\" height=\"139\" srcset=\"https:\/\/www.forum-soegel.de\/information\/wp-content\/uploads\/2013\/11\/Neun-Pflegefachkr\u00e4fte-starten-ins-Berufsleben-300x139.jpg 300w, https:\/\/www.forum-soegel.de\/information\/wp-content\/uploads\/2013\/11\/Neun-Pflegefachkr\u00e4fte-starten-ins-Berufsleben.jpg 1024w\" sizes=\"auto, (max-width: 300px) 100vw, 300px\" \/><\/a><p id=\"caption-attachment-12112\" class=\"wp-caption-text\">Mit den Absolventen freuen sich auch die Mitglieder des Pr\u00fcfungsausschusses.<\/p><\/div>\n","protected":false},"excerpt":{"rendered":"S\u00f6gel &#8211; Neun Sch\u00fcler bestanden am vergangenen Freitag ihr Examen an der Krankenpflegeschule am H\u00fcmmling Krankenhaus S\u00f6gel. Damit fiel f\u00fcr sie der Startschuss als Fachkr\u00e4fte in der Gesundheits- und Krankenpflege. \u201eWir sind stolz, auch in diesem Jahr wieder unseren eigenen Absolventen zum bestandenen Examen gratulieren zu k\u00f6nnen. Mit Blick auf den ansteigenden Fachkr\u00e4ftemangel investieren wir [&hellip;]\n","protected":false},"author":2,"featured_media":0,"comment_status":"closed","ping_status":"closed","sticky":false,"template":"","format":"standard","meta":{"ngg_post_thumbnail":0,"footnotes":""},"categories":[25],"tags":[],"class_list":["post-12111","post","type-post","status-publish","format-standard","hentry","category-hauptsache-gesund"],"_links":{"self":[{"href":"https:\/\/www.forum-soegel.de\/information\/wp-json\/wp\/v2\/posts\/12111","targetHints":{"allow":["GET"]}}],"collection":[{"href":"https:\/\/www.forum-soegel.de\/information\/wp-json\/wp\/v2\/posts"}],"about":[{"href":"https:\/\/www.forum-soegel.de\/information\/wp-json\/wp\/v2\/types\/post"}],"author":[{"embeddable":true,"href":"https:\/\/www.forum-soegel.de\/information\/wp-json\/wp\/v2\/users\/2"}],"replies":[{"embeddable":true,"href":"https:\/\/www.forum-soegel.de\/information\/wp-json\/wp\/v2\/comments?post=12111"}],"version-history":[{"count":1,"href":"https:\/\/www.forum-soegel.de\/information\/wp-json\/wp\/v2\/posts\/12111\/revisions"}],"predecessor-version":[{"id":12113,"href":"https:\/\/www.forum-soegel.de\/information\/wp-json\/wp\/v2\/posts\/12111\/revisions\/12113"}],"wp:attachment":[{"href":"https:\/\/www.forum-soegel.de\/information\/wp-json\/wp\/v2\/media?parent=12111"}],"wp:term":[{"taxonomy":"category","embeddable":true,"href":"https:\/\/www.forum-soegel.de\/information\/wp-json\/wp\/v2\/categories?post=12111"},{"taxonomy":"post_tag","embeddable":true,"href":"https:\/\/www.forum-soegel.de\/information\/wp-json\/wp\/v2\/tags?post=12111"}],"curies":[{"name":"wp","href":"https:\/\/api.w.org\/{rel}","templated":true}]}}