{"id":11863,"date":"2013-09-01T12:16:54","date_gmt":"2013-09-01T10:16:54","guid":{"rendered":"https:\/\/www.forum-soegel.de\/information\/?p=11863"},"modified":"2013-09-01T12:16:54","modified_gmt":"2013-09-01T10:16:54","slug":"%e2%80%9emundrauber-radtour%e2%80%9c-nach-essen-oldb","status":"publish","type":"post","link":"https:\/\/www.forum-soegel.de\/information\/2013\/09\/%e2%80%9emundrauber-radtour%e2%80%9c-nach-essen-oldb\/","title":{"rendered":"\u201eMundr\u00e4uber-Radtour\u201c nach Essen (Oldb.)"},"content":{"rendered":"<p>Gemeinsam mit den Kreisarbeitsgemeinschaften der Volksbanken und Raiffeisenbanken in den Landkreisen Cloppenburg, Vechta, Emsland und Osnabr\u00fcck f\u00fchrt der Zweckverband Erholungsgebiet Hasetal e.V. am<strong> Sonntag, den 29.09.2013 <\/strong>einen Aktionstag unter dem Titel <strong>&#8222;Mundr\u00e4uber-Radtour&#8220; <\/strong>durch.<\/p>\n<p>In Sternfahrten erradeln die Teilnehmer das Erholungsgebiet entlang von Streuobstwiesen und Obstbaumalleen und k\u00f6nnen sich auf ein vielf\u00e4ltiges Rahmenprogramm in Essen (Oldb.) rund um das Thema \u201eObst\u201c freuen.<\/p>\n<p>Los geht es um 10.00 Uhr an der Gesch\u00e4ftsstelle der Raiffeisenbank Emsland-Mitte eG in S\u00f6gel, Am Markt 5. F\u00fcr die Verpflegung w\u00e4hrend der Fahrradtour ist gesorgt.<\/p>\n<p>Angekommen in Essen (Oldb.) k\u00f6nnen die Teilnehmer bei Kaffee und Kuchen das <strong>Ausstellungsgel\u00e4nde &#8222;Garten Eden&#8220;<\/strong> besichtigen. Zum Abschluss findet unter allen Teilnehmern eine Tombola statt, bei der u.a. ein E-Bike verlost wird, bis die Veranstaltung gegen 18 Uhr ihr Ende findet. Ein R\u00fccktransport durch Busse ist m\u00f6glich.<\/p>\n<p>Der Vorverkauf der Karten findet ab sofort in allen Gesch\u00e4ftsstellen der Raiffeisenbank Emsland-Mitte eG statt, die Kosten liegen pro Person bei 10,00 EUR (mit R\u00fccktransport 17,50 EUR).<\/p>\n<p>Text\/Foto: Ursula Vorholt<\/p>\n<p><a href=\"https:\/\/www.forum-soegel.de\/information\/wp-content\/uploads\/2013\/09\/Mundr\u00e4uber-Radtour-nach-Essen-Oldb..jpg\"><img loading=\"lazy\" decoding=\"async\" class=\"alignnone size-medium wp-image-11864\" title=\"Mundr\u00e4uber-Radtour nach Essen Oldb.\" src=\"https:\/\/www.forum-soegel.de\/information\/wp-content\/uploads\/2013\/09\/Mundr\u00e4uber-Radtour-nach-Essen-Oldb.-212x300.jpg\" alt=\"\" width=\"212\" height=\"300\" srcset=\"https:\/\/www.forum-soegel.de\/information\/wp-content\/uploads\/2013\/09\/Mundr\u00e4uber-Radtour-nach-Essen-Oldb.-212x300.jpg 212w, https:\/\/www.forum-soegel.de\/information\/wp-content\/uploads\/2013\/09\/Mundr\u00e4uber-Radtour-nach-Essen-Oldb..jpg 543w\" sizes=\"auto, (max-width: 212px) 100vw, 212px\" \/><\/a><\/p>\n","protected":false},"excerpt":{"rendered":"Gemeinsam mit den Kreisarbeitsgemeinschaften der Volksbanken und Raiffeisenbanken in den Landkreisen Cloppenburg, Vechta, Emsland und Osnabr\u00fcck f\u00fchrt der Zweckverband Erholungsgebiet Hasetal e.V. am Sonntag, den 29.09.2013 einen Aktionstag unter dem Titel &#8222;Mundr\u00e4uber-Radtour&#8220; durch. In Sternfahrten erradeln die Teilnehmer das Erholungsgebiet entlang von Streuobstwiesen und Obstbaumalleen und k\u00f6nnen sich auf ein vielf\u00e4ltiges Rahmenprogramm in Essen (Oldb.) [&hellip;]\n","protected":false},"author":2,"featured_media":0,"comment_status":"closed","ping_status":"closed","sticky":false,"template":"","format":"standard","meta":{"ngg_post_thumbnail":0,"footnotes":""},"categories":[4],"tags":[],"class_list":["post-11863","post","type-post","status-publish","format-standard","hentry","category-aus-der-geschaftswelt"],"_links":{"self":[{"href":"https:\/\/www.forum-soegel.de\/information\/wp-json\/wp\/v2\/posts\/11863","targetHints":{"allow":["GET"]}}],"collection":[{"href":"https:\/\/www.forum-soegel.de\/information\/wp-json\/wp\/v2\/posts"}],"about":[{"href":"https:\/\/www.forum-soegel.de\/information\/wp-json\/wp\/v2\/types\/post"}],"author":[{"embeddable":true,"href":"https:\/\/www.forum-soegel.de\/information\/wp-json\/wp\/v2\/users\/2"}],"replies":[{"embeddable":true,"href":"https:\/\/www.forum-soegel.de\/information\/wp-json\/wp\/v2\/comments?post=11863"}],"version-history":[{"count":1,"href":"https:\/\/www.forum-soegel.de\/information\/wp-json\/wp\/v2\/posts\/11863\/revisions"}],"predecessor-version":[{"id":11865,"href":"https:\/\/www.forum-soegel.de\/information\/wp-json\/wp\/v2\/posts\/11863\/revisions\/11865"}],"wp:attachment":[{"href":"https:\/\/www.forum-soegel.de\/information\/wp-json\/wp\/v2\/media?parent=11863"}],"wp:term":[{"taxonomy":"category","embeddable":true,"href":"https:\/\/www.forum-soegel.de\/information\/wp-json\/wp\/v2\/categories?post=11863"},{"taxonomy":"post_tag","embeddable":true,"href":"https:\/\/www.forum-soegel.de\/information\/wp-json\/wp\/v2\/tags?post=11863"}],"curies":[{"name":"wp","href":"https:\/\/api.w.org\/{rel}","templated":true}]}}