{"id":11855,"date":"2013-09-01T12:09:12","date_gmt":"2013-09-01T10:09:12","guid":{"rendered":"https:\/\/www.forum-soegel.de\/information\/?p=11855"},"modified":"2013-09-01T12:09:12","modified_gmt":"2013-09-01T10:09:12","slug":"veranstaltungen-emslandmuseum-schloss-clemenswerth-september-2013","status":"publish","type":"post","link":"https:\/\/www.forum-soegel.de\/information\/2013\/09\/veranstaltungen-emslandmuseum-schloss-clemenswerth-september-2013\/","title":{"rendered":"Veranstaltungen Emslandmuseum Schloss Clemenswerth September 2013"},"content":{"rendered":"<p><strong><img loading=\"lazy\" decoding=\"async\" class=\"alignleft size-full wp-image-10501\" title=\"Schloss Clemenswerth\" src=\"https:\/\/www.forum-soegel.de\/information\/wp-content\/uploads\/2013\/03\/Schloss-Clemenswerth1.jpg\" alt=\"\" width=\"201\" height=\"130\" \/>Extraank\u00fcndigung Emslandmuseum Schloss Clemenswerth September 2013\u00a0\u00a0\u00a0\u00a0 <\/strong><\/p>\n<p><strong>\u00a0<\/strong><\/p>\n<p><strong><span style=\"text-decoration: underline;\">Anmeldungen bei allen Veranstaltungen erbeten unter Tel. 05952 \/ 93 23 25<\/span><\/strong><\/p>\n<p>&nbsp;<\/p>\n<p>So 01.09. | 15 &#8211; 17 h<\/p>\n<p><strong>Falknertag<\/strong><\/p>\n<p>Eintritt auf dem Gel\u00e4nde frei<\/p>\n<p>Falkner pr\u00e4sentieren ihre Faszination f\u00fcr die Falknerei und ihre Arbeit mit den Greifv\u00f6geln, u.a. in spektakul\u00e4ren Flugshows. Infost\u00e4nde und Programm f\u00fcr Kinder<\/p>\n<p>&nbsp;<\/p>\n<p>Do 05.09. | 19.30 h<\/p>\n<p><strong>Fledermausf\u00fchrung im Schlosspark<br \/>\n<\/strong>mit NABU-Fledermausberaterin Sabine Fuchs<\/p>\n<p>Erw. 5 \u20ac, Kinder 2 \u20ac<\/p>\n<p>Bei einem Spaziergang wird spannendes Wissen \u00fcber die n\u00e4chtlichen J\u00e4ger vermittelt. Mit \u201eBat-Detektoren\u201c werden die Ultraschalllaute h\u00f6rbar gemacht.<\/p>\n<p>&nbsp;<\/p>\n<p>So 08.09. | 15 h<\/p>\n<p><strong>F\u00fchrung zum Tag des offenen Denkmals<\/strong><\/p>\n<p>10 \u20ac inkl. Kaffee und 1 St\u00fcck Kuchen<\/p>\n<p>Thema in diesem Jahr: Jenseits des Guten und Sch\u00f6nen. Unbequeme Denkmale?<\/p>\n<p>&nbsp;<\/p>\n<p>So 15.09. | 18 h<br \/>\n<strong>Konzert mit dem Ensemble Concerto 415<\/strong><br \/>\nErw. 10 \u20ac, Kinder 5 \u20ac<\/p>\n<p>Das \u201eEnsemble Concerto 415\u201c spielt Kammermusik aus dem barocken London mit Werken u.a. von Georg Friedrich H\u00e4ndel auf historischen Instrumenten.<\/p>\n<p>&nbsp;<\/p>\n<p>So 22.09. | 11 \u2013 ca.17 h<br \/>\n<strong>Schleppjagd<\/strong><br \/>\nEintritt auf dem Gel\u00e4nde frei<\/p>\n<p>Er\u00f6ffnet wird der Tag mit einer Hubertusmesse unter freiem Himmel. W\u00e4hrend die Reiter auf der Jagd sind, erwartet Besucher ein buntes Programm auf dem Platz.<\/p>\n<p>&nbsp;<\/p>\n<p>Do 26.09. | 16 &#8211; 17 h<br \/>\n<strong>M\u00e4rchenreise<\/strong><br \/>\nKinder 4 \u20ac inkl. Tee und Kekse<\/p>\n<p>Eine Stunde lang reisen Kinder in alte und unbekannte M\u00e4rchenwelten und erleben gemeinsam mit den Hauptfiguren der Geschichten Spannendes<\/p>\n<p>&nbsp;<\/p>\n<p>So 29.09. | 15 h<br \/>\n<strong>Themenf\u00fchrung: Porzellan, Fayence und zeitgen\u00f6ssische Keramik<\/strong><br \/>\nErw. 8 \u20ac, Kinder 4 \u20ac<\/p>\n<p>Mit u.a. dem Clemenswerther Jagdservice befinden sich bedeutende Erzeugnisse der T\u00f6pferkunst auf Schloss Clemenswerth, \u00fcber die berichtet wird.<\/p>\n<p>&nbsp;<\/p>\n","protected":false},"excerpt":{"rendered":"Extraank\u00fcndigung Emslandmuseum Schloss Clemenswerth September 2013\u00a0\u00a0\u00a0\u00a0 \u00a0 Anmeldungen bei allen Veranstaltungen erbeten unter Tel. 05952 \/ 93 23 25 &nbsp; So 01.09. | 15 &#8211; 17 h Falknertag Eintritt auf dem Gel\u00e4nde frei Falkner pr\u00e4sentieren ihre Faszination f\u00fcr die Falknerei und ihre Arbeit mit den Greifv\u00f6geln, u.a. in spektakul\u00e4ren Flugshows. Infost\u00e4nde und Programm f\u00fcr Kinder [&hellip;]\n","protected":false},"author":2,"featured_media":0,"comment_status":"closed","ping_status":"closed","sticky":false,"template":"","format":"standard","meta":{"ngg_post_thumbnail":0,"footnotes":""},"categories":[3],"tags":[],"class_list":["post-11855","post","type-post","status-publish","format-standard","hentry","category-aktuelles-aus-der-region"],"_links":{"self":[{"href":"https:\/\/www.forum-soegel.de\/information\/wp-json\/wp\/v2\/posts\/11855","targetHints":{"allow":["GET"]}}],"collection":[{"href":"https:\/\/www.forum-soegel.de\/information\/wp-json\/wp\/v2\/posts"}],"about":[{"href":"https:\/\/www.forum-soegel.de\/information\/wp-json\/wp\/v2\/types\/post"}],"author":[{"embeddable":true,"href":"https:\/\/www.forum-soegel.de\/information\/wp-json\/wp\/v2\/users\/2"}],"replies":[{"embeddable":true,"href":"https:\/\/www.forum-soegel.de\/information\/wp-json\/wp\/v2\/comments?post=11855"}],"version-history":[{"count":2,"href":"https:\/\/www.forum-soegel.de\/information\/wp-json\/wp\/v2\/posts\/11855\/revisions"}],"predecessor-version":[{"id":11857,"href":"https:\/\/www.forum-soegel.de\/information\/wp-json\/wp\/v2\/posts\/11855\/revisions\/11857"}],"wp:attachment":[{"href":"https:\/\/www.forum-soegel.de\/information\/wp-json\/wp\/v2\/media?parent=11855"}],"wp:term":[{"taxonomy":"category","embeddable":true,"href":"https:\/\/www.forum-soegel.de\/information\/wp-json\/wp\/v2\/categories?post=11855"},{"taxonomy":"post_tag","embeddable":true,"href":"https:\/\/www.forum-soegel.de\/information\/wp-json\/wp\/v2\/tags?post=11855"}],"curies":[{"name":"wp","href":"https:\/\/api.w.org\/{rel}","templated":true}]}}