{"id":11839,"date":"2013-09-01T11:53:00","date_gmt":"2013-09-01T09:53:00","guid":{"rendered":"https:\/\/www.forum-soegel.de\/information\/?p=11839"},"modified":"2013-09-01T11:53:00","modified_gmt":"2013-09-01T09:53:00","slug":"zeltlager-sportverein-djk-sv-werpeloh-2013","status":"publish","type":"post","link":"https:\/\/www.forum-soegel.de\/information\/2013\/09\/zeltlager-sportverein-djk-sv-werpeloh-2013\/","title":{"rendered":"Zeltlager Sportverein DJK SV Werpeloh 2013"},"content":{"rendered":"<p>Werpeloh &#8211; Gleich in der ersten Juliwoche fuhren 67 Kinder unter der Leitung von Willi Funke ins Zeltlager nach EL F\u00fcrsteno. Insgesamt waren es \u00fcber 90 Personen. Das diesj\u00e4hrige Motto lautete: \u201eCluburlaub in EL F\u00fcrsteno\u201c.<\/p>\n<p>Die Gruppenleiter hatten viele Spiele und Workshops zu diesem Thema vorbereitet, so wurden z.B. Clubausweise gebastelt, ein Wimpel gestaltet, Bettlaken bemalt, und aus Pappe wurden Palmen usw. gebastelt. Es entstand ein s\u00fcdl\u00e4ndisches Flair.<\/p>\n<p>Viel Spa\u00df hatten die Kinder beim Spiel ohne Grenzen, bei dem dieses Jahr ganz neue Spiele wie Stiefel-Weitwurf oder Regenrinne eingebaut wurden. An einem Tag fuhr man dann nach Ibbenb\u00fcren in den Kletterwald, die Kinder waren begeistert. Am Mittwoch feierte Diakon Burkhart Becker mit allen Teilnehmern einen Wortgottesdienst. Erstmals fand w\u00e4hrend der Woche ein Lagergericht statt. Es gab Angeklagte aus den Reihen der Kinder, der Gruppenleiter und<\/p>\n<p>auch aus der Lagerleitung. In allen F\u00e4llen wurde ein gerechtes Urteil gef\u00e4llt. Am Freitagabend fand im angrenzenden Freibad die traditionelle \u201eMann o Mann Show\u201c statt, aus der Mattis Horstmann als Sieger hervorging. Eine ganze Reihe Kinder erschwamm sich die verschiedenen Schwimmabzeichen in Gold, Silber oder Bronze. 5 Schwimmer schafften sogar das DLRG- Rettungsschwimmabzeichen in Bronze. Es war wieder einmal eine unvergessliche Woche, die den Zusammenhalt unter den Teilnehmern f\u00f6rderte und in der neue Freundschaften geschlossen wurden.<\/p>\n<p>Allen, die zum Gelingen dieses Zeltlagers beigetragen haben, nochmals ein herzliches \u201eDanke sch\u00f6n\u201c.<\/p>\n<p>Text\/Foto: Willi Funke f\u00fcr das Zeltlager-Team<\/p>\n<p><a href=\"https:\/\/www.forum-soegel.de\/information\/wp-content\/uploads\/2013\/09\/Zeltlager-Sportverein-DJK-SV-Werpeloh-2013-1.jpg\"><img loading=\"lazy\" decoding=\"async\" class=\"alignnone size-thumbnail wp-image-11840\" title=\"Zeltlager Sportverein DJK SV Werpeloh 2013-1\" src=\"https:\/\/www.forum-soegel.de\/information\/wp-content\/uploads\/2013\/09\/Zeltlager-Sportverein-DJK-SV-Werpeloh-2013-1-150x150.jpg\" alt=\"\" width=\"150\" height=\"150\" \/><\/a>\u00a0<a href=\"https:\/\/www.forum-soegel.de\/information\/wp-content\/uploads\/2013\/09\/Zeltlager-Sportverein-DJK-SV-Werpeloh-2013-2.jpg\"><img loading=\"lazy\" decoding=\"async\" class=\"alignnone size-thumbnail wp-image-11841\" title=\"Zeltlager Sportverein DJK SV Werpeloh 2013-2\" src=\"https:\/\/www.forum-soegel.de\/information\/wp-content\/uploads\/2013\/09\/Zeltlager-Sportverein-DJK-SV-Werpeloh-2013-2-150x150.jpg\" alt=\"\" width=\"150\" height=\"150\" \/><\/a><\/p>\n","protected":false},"excerpt":{"rendered":"Werpeloh &#8211; Gleich in der ersten Juliwoche fuhren 67 Kinder unter der Leitung von Willi Funke ins Zeltlager nach EL F\u00fcrsteno. Insgesamt waren es \u00fcber 90 Personen. Das diesj\u00e4hrige Motto lautete: \u201eCluburlaub in EL F\u00fcrsteno\u201c. Die Gruppenleiter hatten viele Spiele und Workshops zu diesem Thema vorbereitet, so wurden z.B. Clubausweise gebastelt, ein Wimpel gestaltet, Bettlaken [&hellip;]\n","protected":false},"author":2,"featured_media":0,"comment_status":"closed","ping_status":"closed","sticky":false,"template":"","format":"standard","meta":{"ngg_post_thumbnail":0,"footnotes":""},"categories":[5],"tags":[],"class_list":["post-11839","post","type-post","status-publish","format-standard","hentry","category-was-machen-die-vereine"],"_links":{"self":[{"href":"https:\/\/www.forum-soegel.de\/information\/wp-json\/wp\/v2\/posts\/11839","targetHints":{"allow":["GET"]}}],"collection":[{"href":"https:\/\/www.forum-soegel.de\/information\/wp-json\/wp\/v2\/posts"}],"about":[{"href":"https:\/\/www.forum-soegel.de\/information\/wp-json\/wp\/v2\/types\/post"}],"author":[{"embeddable":true,"href":"https:\/\/www.forum-soegel.de\/information\/wp-json\/wp\/v2\/users\/2"}],"replies":[{"embeddable":true,"href":"https:\/\/www.forum-soegel.de\/information\/wp-json\/wp\/v2\/comments?post=11839"}],"version-history":[{"count":1,"href":"https:\/\/www.forum-soegel.de\/information\/wp-json\/wp\/v2\/posts\/11839\/revisions"}],"predecessor-version":[{"id":11842,"href":"https:\/\/www.forum-soegel.de\/information\/wp-json\/wp\/v2\/posts\/11839\/revisions\/11842"}],"wp:attachment":[{"href":"https:\/\/www.forum-soegel.de\/information\/wp-json\/wp\/v2\/media?parent=11839"}],"wp:term":[{"taxonomy":"category","embeddable":true,"href":"https:\/\/www.forum-soegel.de\/information\/wp-json\/wp\/v2\/categories?post=11839"},{"taxonomy":"post_tag","embeddable":true,"href":"https:\/\/www.forum-soegel.de\/information\/wp-json\/wp\/v2\/tags?post=11839"}],"curies":[{"name":"wp","href":"https:\/\/api.w.org\/{rel}","templated":true}]}}