{"id":11815,"date":"2013-09-01T11:55:56","date_gmt":"2013-09-01T09:55:56","guid":{"rendered":"https:\/\/www.forum-soegel.de\/information\/?p=11815"},"modified":"2013-09-01T11:55:56","modified_gmt":"2013-09-01T09:55:56","slug":"72-stunden-aktion-%e2%80%93-uns-schickt-der-himmel-%e2%80%93-das-projekt-der-katholischen-jugend-sogel","status":"publish","type":"post","link":"https:\/\/www.forum-soegel.de\/information\/2013\/09\/72-stunden-aktion-%e2%80%93-uns-schickt-der-himmel-%e2%80%93-das-projekt-der-katholischen-jugend-sogel\/","title":{"rendered":"72 Stunden Aktion \u2013 Uns schickt der Himmel \u2013 Das Projekt der Katholischen Jugend S\u00f6gel"},"content":{"rendered":"<p>\u201eIn 72 Stunden die Welt ein bisschen besser machen\u201c, unter diesem Motto stellten wir uns der Herausforderung.<\/p>\n<p>Doch was bedeutet dies eigentlich konkret? Die 72 Stunden Aktion setzt ein Zeichen des Glaubens. Die Katholischen Jugendverb\u00e4nde st\u00e4rken hierdurch ihre Gemeinschaft und bringen sie auch der \u00d6ffentlichkeit zum Vorschein. \u201eDie Gesellschaft gestalten\u201c, wir zeigen, was Solidarit\u00e4t bewirkt und wie scheinbar Unm\u00f6gliches durch Kreativit\u00e4t und Know-how aller Beteiligten dennoch gelingt. Denn das sind die Dinge, auf denen dieses Projekt aufbaut: Jeder Einzelne z\u00e4hlt zur Gemeinschaft und ist ein wichtiger Bestandteil durch seine eigenen St\u00e4rken. Durch die vielen individuellen St\u00e4rken eines Jeden ist die 72 Stunden Aktion erst m\u00f6glich und hilft zugleich Bed\u00fcrftigen, Einrichtungen und anderen Verb\u00e4nden.<\/p>\n<p>Also versammelten wir uns am Donnerstag, den 13. Juni 2013 gespannt in der Kirche, nichtsahnend, was auf uns zukommen w\u00fcrde.<\/p>\n<p>Bereits vor der Aktion haben wir flei\u00dfig durch \u201erent a Gruppenleiter\u201c und einer Autowaschaktion Spenden f\u00fcr die Finanzierung unseres Projektes gesammelt, wodurch wir uns zuversichtlich der Aufgabe stellen konnten.<\/p>\n<p>Dann war es soweit, 17:07 Uhr, der Zeitpunkt der Verk\u00fcndung. Nach einer kleinen Andacht stellten uns Bernd Knipper und Gerd Kerssens die Aufgabe vor: Sanierung und Erneuerung des Spielplatzes und Au\u00dfengel\u00e4ndes der Kindertagesst\u00e4tte Arche Noah.<\/p>\n<p>Wir z\u00f6gerten nicht lange, denn es war keine Zeit zu verlieren, wir teilten uns die Aufgabenbereiche ein, packten Werkzeuge zusammen und machten uns auf den Weg zur Arche Noah.<\/p>\n<p>Die Vert\u00e4felung im Eingangsbereich des Geb\u00e4udes und die kleine Gartenh\u00fctte waren innerhalb k\u00fcrzester Zeit verschwunden, so dass wir am Freitagmorgen voller Elan weiterarbeiten konnten.<\/p>\n<p>In den n\u00e4chsten Tagen arbeiteten wir mit insgesamt rund 40 Leuten der Gruppenleiterrunde und des Aktivkreises, sowie zahlreichen freiwilligen Helfern an den Spielger\u00e4ten, die neu angestrichen und sicherer gemacht wurden. Der Ger\u00e4teschuppen musste f\u00fcr eine gr\u00f6\u00dfere Holzh\u00fctte weichen und auch die Spielzeugh\u00fctte bekam einen bunten Anstrich mit den Logos der verschiedenen Gruppen der Arche Noah. Au\u00dferdem errichteten wir eine Kr\u00e4uterschnecke, versch\u00f6nerten den Boden unter dem Zaun und erledigten viele andere kleine Arbeiten. Das Au\u00dfengel\u00e4nde ist nun um einiges sicherer und ansehnlicher und vor allem bietet es den Kindern viele M\u00f6glichkeiten zum Spielen, Erkunden und Lernen.<\/p>\n<p>Dank der vielen Helfer und der super Verpflegung vieler Spender waren wir immer gut gest\u00e4rkt\u00a0 und haben die Aufgabe in den 72 Stunden erfolgreich gemeistert. Wir hatten sehr viel Spa\u00df und haben wieder einmal dazugelernt, was es bedeutet, eine Gemeinschaft zu sein und mit dieser etwas Gro\u00dfes aufzustellen.<\/p>\n<p>Ausklingen lie\u00dfen wir die Aktion mit einem abschlie\u00dfenden Grill- und Einweihungsfest, bei dem alle Helfer, Sponsoren und Mitwirkenden eingeladen waren, und wir unseren Dank an sie noch einmal bekr\u00e4ftigten. Ein besonderer Dank galt Bernd Knipper, der uns nicht nur die ganzen Tage tatkr\u00e4ftig beiseite stand, sondern auch viele Materialien und Transporte gespendet hat. Ebenso wurde ein gro\u00dfes Dankesch\u00f6n an Gerd Kerssens deutlich, der uns die ganzen Tage unterst\u00fctzt hat und sich der M\u00fche nicht gescheut hat, sowie allen anderen, die zu diesem Projekt beigetragen haben!<\/p>\n<p>Im Namen der KJS, Marina Heller<\/p>\n<p><a href=\"https:\/\/www.forum-soegel.de\/information\/wp-content\/uploads\/2013\/09\/72-Stunden1.jpg\"><img loading=\"lazy\" decoding=\"async\" class=\"alignnone size-thumbnail wp-image-11843\" title=\"72 Stunden\" src=\"https:\/\/www.forum-soegel.de\/information\/wp-content\/uploads\/2013\/09\/72-Stunden1-150x150.jpg\" alt=\"\" width=\"150\" height=\"150\" \/><\/a>\u00a0\u00a0<a href=\"https:\/\/www.forum-soegel.de\/information\/wp-content\/uploads\/2013\/09\/72-Stunden2.jpg\"><img loading=\"lazy\" decoding=\"async\" class=\"alignnone size-thumbnail wp-image-11844\" title=\"72 Stunden2\" src=\"https:\/\/www.forum-soegel.de\/information\/wp-content\/uploads\/2013\/09\/72-Stunden2-150x150.jpg\" alt=\"\" width=\"150\" height=\"150\" \/><\/a><\/p>\n<p>&nbsp;<\/p>\n<p>&nbsp;<\/p>\n","protected":false},"excerpt":{"rendered":"\u201eIn 72 Stunden die Welt ein bisschen besser machen\u201c, unter diesem Motto stellten wir uns der Herausforderung. Doch was bedeutet dies eigentlich konkret? Die 72 Stunden Aktion setzt ein Zeichen des Glaubens. Die Katholischen Jugendverb\u00e4nde st\u00e4rken hierdurch ihre Gemeinschaft und bringen sie auch der \u00d6ffentlichkeit zum Vorschein. \u201eDie Gesellschaft gestalten\u201c, wir zeigen, was Solidarit\u00e4t bewirkt [&hellip;]\n","protected":false},"author":2,"featured_media":0,"comment_status":"closed","ping_status":"closed","sticky":false,"template":"","format":"standard","meta":{"ngg_post_thumbnail":0,"footnotes":""},"categories":[868],"tags":[],"class_list":["post-11815","post","type-post","status-publish","format-standard","hentry","category-zwischen-himmel-und-erde"],"_links":{"self":[{"href":"https:\/\/www.forum-soegel.de\/information\/wp-json\/wp\/v2\/posts\/11815","targetHints":{"allow":["GET"]}}],"collection":[{"href":"https:\/\/www.forum-soegel.de\/information\/wp-json\/wp\/v2\/posts"}],"about":[{"href":"https:\/\/www.forum-soegel.de\/information\/wp-json\/wp\/v2\/types\/post"}],"author":[{"embeddable":true,"href":"https:\/\/www.forum-soegel.de\/information\/wp-json\/wp\/v2\/users\/2"}],"replies":[{"embeddable":true,"href":"https:\/\/www.forum-soegel.de\/information\/wp-json\/wp\/v2\/comments?post=11815"}],"version-history":[{"count":1,"href":"https:\/\/www.forum-soegel.de\/information\/wp-json\/wp\/v2\/posts\/11815\/revisions"}],"predecessor-version":[{"id":11845,"href":"https:\/\/www.forum-soegel.de\/information\/wp-json\/wp\/v2\/posts\/11815\/revisions\/11845"}],"wp:attachment":[{"href":"https:\/\/www.forum-soegel.de\/information\/wp-json\/wp\/v2\/media?parent=11815"}],"wp:term":[{"taxonomy":"category","embeddable":true,"href":"https:\/\/www.forum-soegel.de\/information\/wp-json\/wp\/v2\/categories?post=11815"},{"taxonomy":"post_tag","embeddable":true,"href":"https:\/\/www.forum-soegel.de\/information\/wp-json\/wp\/v2\/tags?post=11815"}],"curies":[{"name":"wp","href":"https:\/\/api.w.org\/{rel}","templated":true}]}}