{"id":11684,"date":"2013-09-01T11:02:29","date_gmt":"2013-09-01T09:02:29","guid":{"rendered":"https:\/\/www.forum-soegel.de\/information\/?p=11684"},"modified":"2013-09-01T11:02:29","modified_gmt":"2013-09-01T09:02:29","slug":"hummling-krankenhaus-sogel-ehrt-jubilare","status":"publish","type":"post","link":"https:\/\/www.forum-soegel.de\/information\/2013\/09\/hummling-krankenhaus-sogel-ehrt-jubilare\/","title":{"rendered":"H\u00fcmmling Krankenhaus S\u00f6gel ehrt Jubilare"},"content":{"rendered":"<p>S\u00f6gel &#8211; Jubilarfeier f\u00fcr langj\u00e4hrige Mitarbeiter des H\u00fcmmling Krankenhauses S\u00f6gel: Auf mehr als 200 Dienstjahre blickten sieben Frauen und M\u00e4nner w\u00e4hrend einer kleinen Feier im S\u00f6geler Krankenhaus zur\u00fcck. F\u00fcr 40- beziehungsweise 25-j\u00e4hrige Dienstzugeh\u00f6rigkeit zollte Jens Eilers, Leiter Pflege- und Patientenmanagement, den Mitarbeitern Anerkennung und sprach den Dank des Unternehmens aus. Die positive Entwicklung des Krankenhauses in den vergangenen Jahren sei, neben dem Verbund mit dem St. Bonifatius Hospital in Lingen, auch der Motivation und Arbeitsleistung der Mitarbeiter zu verdanken, betonte Eilers.<\/p>\n<p>Geehrt wurden f\u00fcr 40 Jahre: Margret G\u00e4bken (Abteilungsleitung Gyn\u00e4kologie\/Geburtshilfe); Fritz Beeker (Abteilungsleitung Physikalische<\/p>\n<p>Therapie); f\u00fcr 25 Jahre: Petra R\u00f6tepohl (Hebamme, Krei\u00dfsaal); Ingrid Sauerbrey (Medizinisch-technische Assistentin, Radiologie); Wilhelm H\u00fcer (Bilanzbuchhalter, Verwaltung); Wolfgang L\u00f6h (An\u00e4sthesie- und Intensivpfleger, An\u00e4sthesie\/Aufwachraum) und Franz-Josef Wotte (Abteilungsleitung Labor).<\/p>\n<p>Text\/Foto: Katja K\u00f6\u00df<\/p>\n<div id=\"attachment_11688\" style=\"width: 301px\" class=\"wp-caption alignnone\"><a href=\"https:\/\/www.forum-soegel.de\/information\/wp-content\/uploads\/2013\/09\/H\u00fcmmling-Krankenhaus-S\u00f6gel-ehrt-Jubilare1.jpg\"><img loading=\"lazy\" decoding=\"async\" aria-describedby=\"caption-attachment-11688\" class=\"size-medium wp-image-11688\" title=\"H\u00fcmmling Krankenhaus S\u00f6gel ehrt Jubilare1\" src=\"https:\/\/www.forum-soegel.de\/information\/wp-content\/uploads\/2013\/09\/H\u00fcmmling-Krankenhaus-S\u00f6gel-ehrt-Jubilare1-291x300.jpg\" alt=\"\" width=\"291\" height=\"300\" srcset=\"https:\/\/www.forum-soegel.de\/information\/wp-content\/uploads\/2013\/09\/H\u00fcmmling-Krankenhaus-S\u00f6gel-ehrt-Jubilare1-291x300.jpg 291w, https:\/\/www.forum-soegel.de\/information\/wp-content\/uploads\/2013\/09\/H\u00fcmmling-Krankenhaus-S\u00f6gel-ehrt-Jubilare1.jpg 747w\" sizes=\"auto, (max-width: 291px) 100vw, 291px\" \/><\/a><p id=\"caption-attachment-11688\" class=\"wp-caption-text\">: Sieben Arbeitsjubilare blicken auf mehr als 200 Dienstjahre im H\u00fcmmling Krankenhaus S\u00f6gel zur\u00fcck.<\/p><\/div>\n","protected":false},"excerpt":{"rendered":"S\u00f6gel &#8211; Jubilarfeier f\u00fcr langj\u00e4hrige Mitarbeiter des H\u00fcmmling Krankenhauses S\u00f6gel: Auf mehr als 200 Dienstjahre blickten sieben Frauen und M\u00e4nner w\u00e4hrend einer kleinen Feier im S\u00f6geler Krankenhaus zur\u00fcck. F\u00fcr 40- beziehungsweise 25-j\u00e4hrige Dienstzugeh\u00f6rigkeit zollte Jens Eilers, Leiter Pflege- und Patientenmanagement, den Mitarbeitern Anerkennung und sprach den Dank des Unternehmens aus. Die positive Entwicklung des Krankenhauses [&hellip;]\n","protected":false},"author":2,"featured_media":0,"comment_status":"closed","ping_status":"closed","sticky":false,"template":"","format":"standard","meta":{"ngg_post_thumbnail":0,"footnotes":""},"categories":[25],"tags":[],"class_list":["post-11684","post","type-post","status-publish","format-standard","hentry","category-hauptsache-gesund"],"_links":{"self":[{"href":"https:\/\/www.forum-soegel.de\/information\/wp-json\/wp\/v2\/posts\/11684","targetHints":{"allow":["GET"]}}],"collection":[{"href":"https:\/\/www.forum-soegel.de\/information\/wp-json\/wp\/v2\/posts"}],"about":[{"href":"https:\/\/www.forum-soegel.de\/information\/wp-json\/wp\/v2\/types\/post"}],"author":[{"embeddable":true,"href":"https:\/\/www.forum-soegel.de\/information\/wp-json\/wp\/v2\/users\/2"}],"replies":[{"embeddable":true,"href":"https:\/\/www.forum-soegel.de\/information\/wp-json\/wp\/v2\/comments?post=11684"}],"version-history":[{"count":1,"href":"https:\/\/www.forum-soegel.de\/information\/wp-json\/wp\/v2\/posts\/11684\/revisions"}],"predecessor-version":[{"id":11691,"href":"https:\/\/www.forum-soegel.de\/information\/wp-json\/wp\/v2\/posts\/11684\/revisions\/11691"}],"wp:attachment":[{"href":"https:\/\/www.forum-soegel.de\/information\/wp-json\/wp\/v2\/media?parent=11684"}],"wp:term":[{"taxonomy":"category","embeddable":true,"href":"https:\/\/www.forum-soegel.de\/information\/wp-json\/wp\/v2\/categories?post=11684"},{"taxonomy":"post_tag","embeddable":true,"href":"https:\/\/www.forum-soegel.de\/information\/wp-json\/wp\/v2\/tags?post=11684"}],"curies":[{"name":"wp","href":"https:\/\/api.w.org\/{rel}","templated":true}]}}