{"id":11681,"date":"2013-09-01T11:01:07","date_gmt":"2013-09-01T09:01:07","guid":{"rendered":"https:\/\/www.forum-soegel.de\/information\/?p=11681"},"modified":"2013-09-01T11:01:07","modified_gmt":"2013-09-01T09:01:07","slug":"diagnose-prostatakrebs-was-nun","status":"publish","type":"post","link":"https:\/\/www.forum-soegel.de\/information\/2013\/09\/diagnose-prostatakrebs-was-nun\/","title":{"rendered":"Diagnose Prostatakrebs! Was nun?"},"content":{"rendered":"<p>S\u00f6gel &#8211; Seit Anfang 2013 hat sich in S\u00f6gel die Prostataselbsthilfegruppe S\u00f6gel\/Emsland (SHG) gegr\u00fcndet. Die SHG ist im Bundesverband Prostatakrebs Selbsthilfe e.V. organisiert. Das Motto des Verbandes lautet: Infomieren &#8211; Helfen -Einfluss nehmen.<\/p>\n<p>Die fach\u00e4rztliche Betreuung der Prostataselbsthilfegruppe S\u00f6gel\/Emsland erfolgt durch Dr. K\u00f6nig (Facharzt f\u00fcr Urologie).<\/p>\n<p>Die Leitung der Selbsthilfegruppe hat Wilhelm Hebbelmann (Tel:04961-3941), bei dem sich Interessierte gerne melden k\u00f6nnen.<\/p>\n<p>Die Selbsthilfegruppe trift sich an jedem 1. Dienstag im Monat um 18:30 Uhr im H\u00fcmmling Krankenhaus in S\u00f6gel. Neue Mitglieder und Interssierte sind jederzeit willlkommen.<\/p>\n<p>Die Prostataselbsthilfegruppe S\u00f6gel\/Emsland sieht ihre Aufgaben darin, Betroffene aufzukl\u00e4ren und umfassende Informationen \u00fcber den Prostatakrebs zu vermitteln, damit ein Betroffener kompetent und eigenverantwortlich \u00fcber die Wahl und Gestaltung seiner Therapie entscheiden kann.\u00a0 Ebenso bietet sie psychische Unterst\u00fctzung, denn die Diagnose Prostatakrebs f\u00fchrt bei den Betroffenen und Angeh\u00f6rigen oft zu einer gro\u00dfen Verunsicherung.<\/p>\n<p>In der Selbsthilfegruppe kommt nat\u00fcrlich auch die Geselligkeit nicht zu kurz!<\/p>\n<p>Text: Werner R\u00fcdebusch<\/p>\n","protected":false},"excerpt":{"rendered":"S\u00f6gel &#8211; Seit Anfang 2013 hat sich in S\u00f6gel die Prostataselbsthilfegruppe S\u00f6gel\/Emsland (SHG) gegr\u00fcndet. Die SHG ist im Bundesverband Prostatakrebs Selbsthilfe e.V. organisiert. Das Motto des Verbandes lautet: Infomieren &#8211; Helfen -Einfluss nehmen. Die fach\u00e4rztliche Betreuung der Prostataselbsthilfegruppe S\u00f6gel\/Emsland erfolgt durch Dr. K\u00f6nig (Facharzt f\u00fcr Urologie). Die Leitung der Selbsthilfegruppe hat Wilhelm Hebbelmann (Tel:04961-3941), bei [&hellip;]\n","protected":false},"author":2,"featured_media":0,"comment_status":"closed","ping_status":"closed","sticky":false,"template":"","format":"standard","meta":{"ngg_post_thumbnail":0,"footnotes":""},"categories":[25],"tags":[],"class_list":["post-11681","post","type-post","status-publish","format-standard","hentry","category-hauptsache-gesund"],"_links":{"self":[{"href":"https:\/\/www.forum-soegel.de\/information\/wp-json\/wp\/v2\/posts\/11681","targetHints":{"allow":["GET"]}}],"collection":[{"href":"https:\/\/www.forum-soegel.de\/information\/wp-json\/wp\/v2\/posts"}],"about":[{"href":"https:\/\/www.forum-soegel.de\/information\/wp-json\/wp\/v2\/types\/post"}],"author":[{"embeddable":true,"href":"https:\/\/www.forum-soegel.de\/information\/wp-json\/wp\/v2\/users\/2"}],"replies":[{"embeddable":true,"href":"https:\/\/www.forum-soegel.de\/information\/wp-json\/wp\/v2\/comments?post=11681"}],"version-history":[{"count":1,"href":"https:\/\/www.forum-soegel.de\/information\/wp-json\/wp\/v2\/posts\/11681\/revisions"}],"predecessor-version":[{"id":11683,"href":"https:\/\/www.forum-soegel.de\/information\/wp-json\/wp\/v2\/posts\/11681\/revisions\/11683"}],"wp:attachment":[{"href":"https:\/\/www.forum-soegel.de\/information\/wp-json\/wp\/v2\/media?parent=11681"}],"wp:term":[{"taxonomy":"category","embeddable":true,"href":"https:\/\/www.forum-soegel.de\/information\/wp-json\/wp\/v2\/categories?post=11681"},{"taxonomy":"post_tag","embeddable":true,"href":"https:\/\/www.forum-soegel.de\/information\/wp-json\/wp\/v2\/tags?post=11681"}],"curies":[{"name":"wp","href":"https:\/\/api.w.org\/{rel}","templated":true}]}}