{"id":10783,"date":"2013-05-01T00:31:55","date_gmt":"2013-04-30T22:31:55","guid":{"rendered":"https:\/\/www.forum-soegel.de\/information\/?p=10783"},"modified":"2013-04-28T23:34:29","modified_gmt":"2013-04-28T21:34:29","slug":"rosenfest-auf-schloss-clemenswerth","status":"publish","type":"post","link":"https:\/\/www.forum-soegel.de\/information\/2013\/05\/rosenfest-auf-schloss-clemenswerth\/","title":{"rendered":"Rosenfest auf Schloss Clemenswerth"},"content":{"rendered":"<p><img loading=\"lazy\" decoding=\"async\" class=\"alignleft size-full wp-image-10501\" title=\"Schloss Clemenswerth\" src=\"https:\/\/www.forum-soegel.de\/information\/wp-content\/uploads\/2013\/03\/Schloss-Clemenswerth1.jpg\" alt=\"\" width=\"201\" height=\"130\" \/>S\u00f6gel &#8211; Mit dem Rosenfest am 1. Wochenende im Juni (01.\/02.06.) pr\u00e4sentiert das Emslandmuseum Schloss Clemenswerth ein neues Event und erweitert das Jahresprogramm um einen Markt der Sinne, der Besucher zum Bummeln, Entdecken und Verweilen einl\u00e4dt. Als Schirmherrin des ersten Rosenfestes konnte die Bundestagsabgeordnete Gitta Connemann gewonnen werden. \u00dcber 40 ausgew\u00e4hlte Aussteller mit Rosen, Begleitpflanzen und \u2013stauden sowie Accessoires f\u00fcr Haus und Garten, kunsthandwerklichen Arbeiten, aber auch Kosmetik- und Kr\u00e4uterprodukten lassen Schloss Clemenswerth an diesem Wochenende in voller Pracht erstrahlen. Das Rosenfest als Markt der Sinne passt somit wunderbar in das Ambiente der barocken Anlage. Die Rose l\u00f6ste mit ihrem intensiven Duft, den zarten Bl\u00fcten und stachligen Stielen insbesondere im 18. Jahrhundert in der adligen Gesellschaft eine wahre Begeisterungswelle aus und wurde zu wertvollen Luxusprodukten und teuren K\u00f6stlichkeiten weiterverarbeitet. Diese Anziehungskraft hat sie bis heute nicht verloren \u2013 und so wird das Rosenfest mit seiner Vielzahl von Produkten rund um die K\u00f6nigin der Blumen eine wahre Fundgrube f\u00fcr Liebhaber von Rosen sein. Ein Shuttle-Service bringt gekaufte Waren, die unhandlich oder schwer sind, zu einer Abholstation an der Werlter Stra\u00dfe, an die K\u00e4ufer direkt vorfahren k\u00f6nnen. Dieser besondere Service ist kostenlos. Ein umfangreiches Rahmenprogramm aus Musik, F\u00fchrungen, Vortr\u00e4gen und Kinderaktionen rundet das Event ab. Selbstverst\u00e4ndlich wird durch das Restaurant Schlosskeller Clemenswerth und weitere Anbieter von kulinarischen K\u00f6stlichkeiten auch f\u00fcr das leibliche Wohl gesorgt. Aufgrund der zu erwartenden Besucherresonanz gilt f\u00fcr das gesamte Rosenfestwochenende in S\u00f6gel eine ge\u00e4nderte Stra\u00dfenf\u00fchrung: Die Werlter Stra\u00dfe wird ortsausw\u00e4rts ab H\u00f6he Marstall einschlie\u00dflich Lienbusch zur Einbahnstra\u00dfe mit Geschwindigkeitsbegrenzung auf 30 km\/h und einseitig ausgewiesenen Parkpl\u00e4tzen. Besucher aus Richtung Werlte werden \u00fcber P\u00fcttkesberge durch den Ort S\u00f6gel geleitet. F\u00fcr alle Rosenfestbesucher, die mit PKW anreisen, stehen so ausreichend kostenlose und schlossnahe Parkm\u00f6glichkeiten zur Verf\u00fcgung. Weitere Informationen zu Ausstellern, Programm und ge\u00e4nderter Stra\u00dfenf\u00fchrung unter www.clemenswerth.de und in der Tagespresse. F\u00fcr das Rosenfest gilt auch auf dem Schlossgel\u00e4nde der regul\u00e4re Museumseintritt von 5 \u20ac \/ Erw., 2,50 \u20ac \/ Kinder und 12 \u20ac \/ Familien. Besitzer einer Saisonkarte (10 \u20ac) haben kostenfreien Zutritt.<\/p>\n<p>&nbsp;<\/p>\n<p><strong>Rahmenprogramm<\/strong><\/p>\n<p><strong>Samstag, 01.06. (Markt\u00f6ffnung 10 \u2013 18 Uhr)<\/strong><\/p>\n<p>13.00 Uhr offizielle Begr\u00fc\u00dfung und Kinderballettgruppe der Musikschule des \u00a0Emslandes e.V.<\/p>\n<p>13.30 Uhr\u00a0\u00a0\u00a0\u00a0\u00a0\u00a0\u00a0\u00a0\u00a0 Babette Cramer (Querfl\u00f6te) und Maria Terborg (Blockfl\u00f6te)<\/p>\n<p>14.00 Uhr\u00a0\u00a0\u00a0\u00a0\u00a0\u00a0\u00a0\u00a0\u00a0 Themenf\u00fchrung: Die Rose im Barock<\/p>\n<p>15.00 Uhr\u00a0\u00a0\u00a0\u00a0\u00a0\u00a0\u00a0\u00a0\u00a0 Bienenf\u00fchrung mit Wilhelm K\u00f6sters<\/p>\n<p>16.00 Uhr\u00a0\u00a0\u00a0\u00a0\u00a0\u00a0\u00a0\u00a0\u00a0 Babette Cramer (Querfl\u00f6te) und Maria Terborg (Blockfl\u00f6te)<\/p>\n<p>&nbsp;<\/p>\n<p><strong>\u00a0<\/strong><\/p>\n<p><strong>\u00a0<\/strong><\/p>\n<p><strong>Sonntag, 02.06. (Markt\u00f6ffnung 10 &#8211; 18 Uhr)<\/strong><\/p>\n<p>13.00 Uhr Schlosskonzert in Kooperation mit der Musikschule des Emslandes e.V.<\/p>\n<p>14.00 Uhr\u00a0\u00a0\u00a0\u00a0\u00a0\u00a0\u00a0\u00a0\u00a0 Themenf\u00fchrung: Die Rose im Barock<\/p>\n<p>14.30 Uhr\u00a0\u00a0\u00a0\u00a0\u00a0\u00a0\u00a0\u00a0\u00a0 Schlosskonzert in Kooperation mit der Musikschule des Emslandes e.V.<\/p>\n<p>15.30 Uhr\u00a0\u00a0\u00a0\u00a0\u00a0\u00a0\u00a0\u00a0\u00a0 \u201eDie sch\u00f6nsten Roseng\u00e4rten\u201c, Vortrag von Dr. Carsten Seick<\/p>\n<p>17.00 Uhr\u00a0\u00a0\u00a0\u00a0\u00a0\u00a0\u00a0\u00a0\u00a0 Gloriettenkonzert \u201eElbeblech\u201c des Kulturkreises Clemenswerth<\/p>\n<p>Kinderaktionen, Schloss- und Ausstellungsbesichtigung an beiden Tagen.<\/p>\n<p>&nbsp;<\/p>\n<p>Text: Ramona Krons \/ Foto: rosenfest.jpg \u00a9 Emslandmuseum Schloss Clemenswerth<\/p>\n<p><a href=\"https:\/\/www.forum-soegel.de\/information\/wp-content\/uploads\/2013\/05\/Rosenfest-auf-Schloss-Clemenswerth.jpg\"><img loading=\"lazy\" decoding=\"async\" class=\"alignnone size-medium wp-image-10785\" title=\"Rosenfest auf Schloss Clemenswerth\" src=\"https:\/\/www.forum-soegel.de\/information\/wp-content\/uploads\/2013\/05\/Rosenfest-auf-Schloss-Clemenswerth-300x298.jpg\" alt=\"\" width=\"300\" height=\"298\" srcset=\"https:\/\/www.forum-soegel.de\/information\/wp-content\/uploads\/2013\/05\/Rosenfest-auf-Schloss-Clemenswerth-300x298.jpg 300w, https:\/\/www.forum-soegel.de\/information\/wp-content\/uploads\/2013\/05\/Rosenfest-auf-Schloss-Clemenswerth-150x150.jpg 150w, https:\/\/www.forum-soegel.de\/information\/wp-content\/uploads\/2013\/05\/Rosenfest-auf-Schloss-Clemenswerth.jpg 772w\" sizes=\"auto, (max-width: 300px) 100vw, 300px\" \/><\/a><\/p>\n<p>&nbsp;<\/p>\n","protected":false},"excerpt":{"rendered":"S\u00f6gel &#8211; Mit dem Rosenfest am 1. Wochenende im Juni (01.\/02.06.) pr\u00e4sentiert das Emslandmuseum Schloss Clemenswerth ein neues Event und erweitert das Jahresprogramm um einen Markt der Sinne, der Besucher zum Bummeln, Entdecken und Verweilen einl\u00e4dt. Als Schirmherrin des ersten Rosenfestes konnte die Bundestagsabgeordnete Gitta Connemann gewonnen werden. \u00dcber 40 ausgew\u00e4hlte Aussteller mit Rosen, Begleitpflanzen [&hellip;]\n","protected":false},"author":2,"featured_media":0,"comment_status":"closed","ping_status":"closed","sticky":false,"template":"","format":"standard","meta":{"ngg_post_thumbnail":0,"footnotes":""},"categories":[3],"tags":[],"class_list":["post-10783","post","type-post","status-publish","format-standard","hentry","category-aktuelles-aus-der-region"],"_links":{"self":[{"href":"https:\/\/www.forum-soegel.de\/information\/wp-json\/wp\/v2\/posts\/10783","targetHints":{"allow":["GET"]}}],"collection":[{"href":"https:\/\/www.forum-soegel.de\/information\/wp-json\/wp\/v2\/posts"}],"about":[{"href":"https:\/\/www.forum-soegel.de\/information\/wp-json\/wp\/v2\/types\/post"}],"author":[{"embeddable":true,"href":"https:\/\/www.forum-soegel.de\/information\/wp-json\/wp\/v2\/users\/2"}],"replies":[{"embeddable":true,"href":"https:\/\/www.forum-soegel.de\/information\/wp-json\/wp\/v2\/comments?post=10783"}],"version-history":[{"count":2,"href":"https:\/\/www.forum-soegel.de\/information\/wp-json\/wp\/v2\/posts\/10783\/revisions"}],"predecessor-version":[{"id":10786,"href":"https:\/\/www.forum-soegel.de\/information\/wp-json\/wp\/v2\/posts\/10783\/revisions\/10786"}],"wp:attachment":[{"href":"https:\/\/www.forum-soegel.de\/information\/wp-json\/wp\/v2\/media?parent=10783"}],"wp:term":[{"taxonomy":"category","embeddable":true,"href":"https:\/\/www.forum-soegel.de\/information\/wp-json\/wp\/v2\/categories?post=10783"},{"taxonomy":"post_tag","embeddable":true,"href":"https:\/\/www.forum-soegel.de\/information\/wp-json\/wp\/v2\/tags?post=10783"}],"curies":[{"name":"wp","href":"https:\/\/api.w.org\/{rel}","templated":true}]}}