{"id":10777,"date":"2013-05-01T00:27:35","date_gmt":"2013-04-30T22:27:35","guid":{"rendered":"https:\/\/www.forum-soegel.de\/information\/?p=10777"},"modified":"2013-04-28T23:29:04","modified_gmt":"2013-04-28T21:29:04","slug":"theatergruppe-bereichert-das-kulturelle-leben","status":"publish","type":"post","link":"https:\/\/www.forum-soegel.de\/information\/2013\/05\/theatergruppe-bereichert-das-kulturelle-leben\/","title":{"rendered":"Theatergruppe bereichert das kulturelle Leben"},"content":{"rendered":"<p>B\u00f6rger &#8211; Seit \u00fcber 40 Jahren l\u00e4dt die Theatergruppe B\u00f6rger traditionell ein breites Publikum aus Jung und Alt, aus B\u00f6rger und Umgebung, zu ihren Auff\u00fchrungen ein. Das Ensemble aus rund 40 Mitgliedern sorgt allj\u00e4hrlich \u201ehinter der B\u00fchne, vor der B\u00fchne und auf den Brettern, die die Welt bedeuten\u201c f\u00fcr Begeisterung unter den Zuschauern.<\/p>\n<p>Die Spannbreite der Altersklassen in der Theatergruppe ist breit gestreut. Sie reicht von \u201eUrgesteinen\u201c, die seit \u00fcber vier Jahrzehnten aktiv mitwirken, bis zu Neumitgliedern, die erst seit ein paar Monaten dabei sind.<\/p>\n<p>Neben Hans-Hermann Schmees, der Christoph Kla\u00dfen im vergangenen Sommer nach 12 Jahren als leitenden Regisseur abgel\u00f6st hat, steht der Gruppe ein sechsk\u00f6pfiges ORGA-Team vor.<\/p>\n<p>F\u00fcr die Vielfalt der St\u00fccke, welche die Theatergruppe in den vergangenen Jahrzehnten auf die B\u00fchne gebracht hat, sorgt ein mehrk\u00f6pfiger \u201eLesezirkel\u201c. Die Auswahl reicht von Klassikern, wie dem \u201eMeisterboxer\u201c (ber\u00fchmt geworden durch Willy Millowitsch), \u00fcber traditionelle St\u00fccke vor landwirtschaftlicher Kulisse (z.B. \u201eRoland schall flegen\u201c), bis hin zu modernen St\u00fccken (z.B. \u201eUns Pastersch is een Hex\u201c).<\/p>\n<p>Der Dreiakter \u201eIm Wald, dor s\u00fcnd de R\u00e4uber\u201c von Fred Redmann, welcher in diesem Jahr aufgef\u00fchrt wurde, erz\u00e4hlt die Geschichte des F\u00f6rsters Benno Buxbaum, dessen verstorbener Vater im Zuge eines Bank\u00fcberfalls sieben Goldbarren erbeuten konnte. Nach dem Tod von Bennos Mutter w\u00e4hnen Nachbarn, Bekannte, sowie Polizei und Presse den F\u00f6rster im Besitz des Goldes und stellen Haus und Hof auf den Kopf. Auch der ehemalige Komplize seines Vaters sinnt auf seinen Anteil, was zu allerhand Komplikationen f\u00fchrt\u2026<\/p>\n<p>Neben dem Kerngeschehen pflegen die Mitglieder der Theatergruppe auch au\u00dferhalb der \u201eSaison\u201c das soziale Miteinander &#8211; durch unterschiedliche Aktivit\u00e4ten, wie beispielsweise Nachlese, \u201eMaigang\u201c und Ausfl\u00fcge.<\/p>\n<p>Die Theatergruppe B\u00f6rger freut sich auf Ihren Besuch im kommenden Jahr! Spielzeiten werden dann unter anderem hier bekanntgegeben.<\/p>\n<p>Text: Jan-Bernd M\u00fcller und Ansgar Kossen \/ Foto: Frank Jansen<\/p>\n<div id=\"attachment_10778\" style=\"width: 310px\" class=\"wp-caption alignnone\"><a href=\"https:\/\/www.forum-soegel.de\/information\/wp-content\/uploads\/2013\/04\/Theatergruppe-bereichert-das-kulturelle-Leben.jpg\"><img loading=\"lazy\" decoding=\"async\" aria-describedby=\"caption-attachment-10778\" class=\"size-medium wp-image-10778\" title=\"Theatergruppe bereichert das kulturelle Leben\" src=\"https:\/\/www.forum-soegel.de\/information\/wp-content\/uploads\/2013\/04\/Theatergruppe-bereichert-das-kulturelle-Leben-300x231.jpg\" alt=\"\" width=\"300\" height=\"231\" srcset=\"https:\/\/www.forum-soegel.de\/information\/wp-content\/uploads\/2013\/04\/Theatergruppe-bereichert-das-kulturelle-Leben-300x231.jpg 300w, https:\/\/www.forum-soegel.de\/information\/wp-content\/uploads\/2013\/04\/Theatergruppe-bereichert-das-kulturelle-Leben.jpg 997w\" sizes=\"auto, (max-width: 300px) 100vw, 300px\" \/><\/a><p id=\"caption-attachment-10778\" class=\"wp-caption-text\">\u201eIm Wald dor s\u00fcnd de R\u00e4uber\u201c unter neuer Leitung aufgef\u00fchrt - Die Theatergruppe B\u00f6rger mit neuem Regisseur Hans-Hermann Schmees<\/p><\/div>\n<p>&nbsp;<\/p>\n","protected":false},"excerpt":{"rendered":"B\u00f6rger &#8211; Seit \u00fcber 40 Jahren l\u00e4dt die Theatergruppe B\u00f6rger traditionell ein breites Publikum aus Jung und Alt, aus B\u00f6rger und Umgebung, zu ihren Auff\u00fchrungen ein. Das Ensemble aus rund 40 Mitgliedern sorgt allj\u00e4hrlich \u201ehinter der B\u00fchne, vor der B\u00fchne und auf den Brettern, die die Welt bedeuten\u201c f\u00fcr Begeisterung unter den Zuschauern. Die Spannbreite [&hellip;]\n","protected":false},"author":2,"featured_media":0,"comment_status":"closed","ping_status":"closed","sticky":false,"template":"","format":"standard","meta":{"ngg_post_thumbnail":0,"footnotes":""},"categories":[5],"tags":[],"class_list":["post-10777","post","type-post","status-publish","format-standard","hentry","category-was-machen-die-vereine"],"_links":{"self":[{"href":"https:\/\/www.forum-soegel.de\/information\/wp-json\/wp\/v2\/posts\/10777","targetHints":{"allow":["GET"]}}],"collection":[{"href":"https:\/\/www.forum-soegel.de\/information\/wp-json\/wp\/v2\/posts"}],"about":[{"href":"https:\/\/www.forum-soegel.de\/information\/wp-json\/wp\/v2\/types\/post"}],"author":[{"embeddable":true,"href":"https:\/\/www.forum-soegel.de\/information\/wp-json\/wp\/v2\/users\/2"}],"replies":[{"embeddable":true,"href":"https:\/\/www.forum-soegel.de\/information\/wp-json\/wp\/v2\/comments?post=10777"}],"version-history":[{"count":1,"href":"https:\/\/www.forum-soegel.de\/information\/wp-json\/wp\/v2\/posts\/10777\/revisions"}],"predecessor-version":[{"id":10779,"href":"https:\/\/www.forum-soegel.de\/information\/wp-json\/wp\/v2\/posts\/10777\/revisions\/10779"}],"wp:attachment":[{"href":"https:\/\/www.forum-soegel.de\/information\/wp-json\/wp\/v2\/media?parent=10777"}],"wp:term":[{"taxonomy":"category","embeddable":true,"href":"https:\/\/www.forum-soegel.de\/information\/wp-json\/wp\/v2\/categories?post=10777"},{"taxonomy":"post_tag","embeddable":true,"href":"https:\/\/www.forum-soegel.de\/information\/wp-json\/wp\/v2\/tags?post=10777"}],"curies":[{"name":"wp","href":"https:\/\/api.w.org\/{rel}","templated":true}]}}