{"id":10763,"date":"2013-05-01T00:59:26","date_gmt":"2013-04-30T22:59:26","guid":{"rendered":"https:\/\/www.forum-soegel.de\/information\/?p=10763"},"modified":"2013-04-28T23:19:46","modified_gmt":"2013-04-28T21:19:46","slug":"antonia-backmann-wurde-kinderkonigin-2013","status":"publish","type":"post","link":"https:\/\/www.forum-soegel.de\/information\/2013\/05\/antonia-backmann-wurde-kinderkonigin-2013\/","title":{"rendered":"Antonia Backmann wurde Kinderk\u00f6nigin 2013"},"content":{"rendered":"<p>Spahnharrentst\u00e4tte &#8211; Auf dem Schie\u00dfstand des Sch\u00fctzenverein Spahnharrenst\u00e4tte wurde am Samstag, den 13.April 2013 das j\u00e4hrliche Kinderk\u00f6nigschie\u00dfen durchgef\u00fchrt.<\/p>\n<p>Die Kinder des 4. Schuljahres sind berichtigt an dem Kinderk\u00f6nigschie\u00dfen teilzunehmen. In diesem Jahr nahmen 16. Kinder teil. Die Klassenlehrerin Frau Rode beobachtete mit Interesse den Wettkampf.<\/p>\n<p>Als Siegerin und damit Kindersch\u00fctzenk\u00f6nigin wurde Antonia Backmann ermittelt. Zu ihrem Kinderk\u00f6nig w\u00e4hlte sie sich Luca Korte. Zum weiteren Throngefolge geh\u00f6ren: Stephanie Velte und Andreas Wigbers, Christina Sanders und David Reil, Anna Lager und Carsten Hanekamp.<\/p>\n<p>Vor der Ehrung wurden noch die Jugend- und Sch\u00fcler-Vereinsmeister Freihand geehrt.<\/p>\n<p>Vereinsmeister wurden:<\/p>\n<p>Jugend &#8222;weiblich&#8220;\u00a0 = Anna Tebben, 310 Ringe<\/p>\n<p>Jugend &#8222;m\u00e4nnlich&#8220; = Henrik Sanders, 291 Ringe<\/p>\n<p>Sch\u00fcler = Jens Bowe, 123 Ringe<\/p>\n<p>Text\/Foto: Werner R\u00fcdebusch, SPH-V<\/p>\n<p><a href=\"https:\/\/www.forum-soegel.de\/information\/wp-content\/uploads\/2013\/05\/Antonia-Backmann-wurde-Kinderk\u00f6nigin-2013-1.jpg\"><img loading=\"lazy\" decoding=\"async\" class=\"alignnone size-thumbnail wp-image-10766\" title=\"Antonia Backmann wurde Kinderk\u00f6nigin 2013-1\" src=\"https:\/\/www.forum-soegel.de\/information\/wp-content\/uploads\/2013\/05\/Antonia-Backmann-wurde-Kinderk\u00f6nigin-2013-1-150x150.jpg\" alt=\"\" width=\"150\" height=\"150\" \/><\/a>\u00a0\u00a0<a href=\"https:\/\/www.forum-soegel.de\/information\/wp-content\/uploads\/2013\/05\/Antonia-Backmann-wurde-Kinderk\u00f6nigin-2013-2.jpg\"><img loading=\"lazy\" decoding=\"async\" class=\"alignnone size-thumbnail wp-image-10767\" title=\"Antonia Backmann wurde Kinderk\u00f6nigin 2013-2\" src=\"https:\/\/www.forum-soegel.de\/information\/wp-content\/uploads\/2013\/05\/Antonia-Backmann-wurde-Kinderk\u00f6nigin-2013-2-150x150.jpg\" alt=\"\" width=\"150\" height=\"150\" \/><\/a>\u00a0\u00a0<a href=\"https:\/\/www.forum-soegel.de\/information\/wp-content\/uploads\/2013\/05\/Antonia-Backmann-wurde-Kinderk\u00f6nigin-2013-3.jpg\"><img loading=\"lazy\" decoding=\"async\" class=\"alignnone size-thumbnail wp-image-10768\" title=\"Antonia Backmann wurde Kinderk\u00f6nigin 2013-3\" src=\"https:\/\/www.forum-soegel.de\/information\/wp-content\/uploads\/2013\/05\/Antonia-Backmann-wurde-Kinderk\u00f6nigin-2013-3-150x150.jpg\" alt=\"\" width=\"150\" height=\"150\" \/><\/a><\/p>\n","protected":false},"excerpt":{"rendered":"Spahnharrentst\u00e4tte &#8211; Auf dem Schie\u00dfstand des Sch\u00fctzenverein Spahnharrenst\u00e4tte wurde am Samstag, den 13.April 2013 das j\u00e4hrliche Kinderk\u00f6nigschie\u00dfen durchgef\u00fchrt. Die Kinder des 4. Schuljahres sind berichtigt an dem Kinderk\u00f6nigschie\u00dfen teilzunehmen. In diesem Jahr nahmen 16. Kinder teil. Die Klassenlehrerin Frau Rode beobachtete mit Interesse den Wettkampf. Als Siegerin und damit Kindersch\u00fctzenk\u00f6nigin wurde Antonia Backmann ermittelt. Zu [&hellip;]\n","protected":false},"author":2,"featured_media":0,"comment_status":"closed","ping_status":"closed","sticky":false,"template":"","format":"standard","meta":{"ngg_post_thumbnail":0,"footnotes":""},"categories":[5],"tags":[],"class_list":["post-10763","post","type-post","status-publish","format-standard","hentry","category-was-machen-die-vereine"],"_links":{"self":[{"href":"https:\/\/www.forum-soegel.de\/information\/wp-json\/wp\/v2\/posts\/10763","targetHints":{"allow":["GET"]}}],"collection":[{"href":"https:\/\/www.forum-soegel.de\/information\/wp-json\/wp\/v2\/posts"}],"about":[{"href":"https:\/\/www.forum-soegel.de\/information\/wp-json\/wp\/v2\/types\/post"}],"author":[{"embeddable":true,"href":"https:\/\/www.forum-soegel.de\/information\/wp-json\/wp\/v2\/users\/2"}],"replies":[{"embeddable":true,"href":"https:\/\/www.forum-soegel.de\/information\/wp-json\/wp\/v2\/comments?post=10763"}],"version-history":[{"count":3,"href":"https:\/\/www.forum-soegel.de\/information\/wp-json\/wp\/v2\/posts\/10763\/revisions"}],"predecessor-version":[{"id":10765,"href":"https:\/\/www.forum-soegel.de\/information\/wp-json\/wp\/v2\/posts\/10763\/revisions\/10765"}],"wp:attachment":[{"href":"https:\/\/www.forum-soegel.de\/information\/wp-json\/wp\/v2\/media?parent=10763"}],"wp:term":[{"taxonomy":"category","embeddable":true,"href":"https:\/\/www.forum-soegel.de\/information\/wp-json\/wp\/v2\/categories?post=10763"},{"taxonomy":"post_tag","embeddable":true,"href":"https:\/\/www.forum-soegel.de\/information\/wp-json\/wp\/v2\/tags?post=10763"}],"curies":[{"name":"wp","href":"https:\/\/api.w.org\/{rel}","templated":true}]}}