{"id":10758,"date":"2013-05-01T00:55:06","date_gmt":"2013-04-30T22:55:06","guid":{"rendered":"https:\/\/www.forum-soegel.de\/information\/?p=10758"},"modified":"2013-04-28T22:59:20","modified_gmt":"2013-04-28T20:59:20","slug":"neu-am-hummling-krankenhaus-sogel-chefarzt-fur-innere-medizin-und-neurologische-sprechstunde","status":"publish","type":"post","link":"https:\/\/www.forum-soegel.de\/information\/2013\/05\/neu-am-hummling-krankenhaus-sogel-chefarzt-fur-innere-medizin-und-neurologische-sprechstunde\/","title":{"rendered":"Neu am H\u00fcmmling Krankenhaus S\u00f6gel:  Chefarzt f\u00fcr innere Medizin und neurologische Sprechstunde"},"content":{"rendered":"<p>S\u00f6gel &#8211; Im H\u00fcmmling Krankenhaus S\u00f6gel gab es zum 1. April personelle Ver\u00e4nderungen. Durch Beschluss der Gesellschafterversammlung<\/p>\n<p>wurde Dr. Ralf Meyer zum neuen Chefarzt der Abteilung f\u00fcr \u00a0innere Medizin<\/p>\n<p>berufen. Au\u00dferdem erweitert Dr. Sonja St\u00f6ve das Behandlungsspektrum im<\/p>\n<p>Medizinischen Versorgungszentrum (MVZ) H\u00fcmmling Krankenhaus S\u00f6gel um eine neurologische Sprechstunde.<\/p>\n<p>&nbsp;<\/p>\n<p>Chefarzt innere Medizin<\/p>\n<p>Ralf Meyer ist Facharzt f\u00fcr innere Medizin und Gastroenterologie und wird<\/p>\n<p>zuk\u00fcnftig die Abteilung innere Medizin mit dem Internisten und Kardiologen<\/p>\n<p>Dr. Norbert Bley im Kollegialsystem leiten. Zus\u00e4tzlich f\u00fchrt Meyer im<\/p>\n<p>Rahmen seiner Praxist\u00e4tigkeit gastroenterologische Untersuchungen f\u00fcr<\/p>\n<p>ambulante Patienten durch. Manfred M\u00f6heken, stellvertretender<\/p>\n<p>Gesch\u00e4ftsf\u00fchrer, w\u00fcnschte Meyer viel Erfolg in seiner neuen Position. Meyer<\/p>\n<p>war nach seinem Studium an der Medizinischen Hochschule Hannover bereits<\/p>\n<p>drei Jahre als Assistenzarzt im S\u00f6geler Krankenhaus t\u00e4tig. Nachdem er seine<\/p>\n<p>Ausbildung zum Internisten im St. Bonifatius Hospital Lingen absolviert<\/p>\n<p>hatte, kehrte er 2011 als leitender Oberarzt nach S\u00f6gel zur\u00fcck. Gemeinsam<\/p>\n<p>wollen Meyer und Bley das internistische Leistungsspektrum f\u00fcr die<\/p>\n<p>Patienten in der Region weiter ausbauen.<\/p>\n<p>&nbsp;<\/p>\n<p>Neurologische Sprechstunde<\/p>\n<p>Um eine neurologische Sprechstunde erweitert Dr. Sonja St\u00f6ve das Angebot<\/p>\n<p>des MVZ H\u00fcmmling Krankenhaus S\u00f6gel. So sollen f\u00fcr ambulante Patienten aus<\/p>\n<p>der Region lange Wege und Wartezeiten vermieden werden. St\u00f6ve studierte<\/p>\n<p>ebenfalls in Hannover und war einige Jahre als Ober\u00e4rztin in Osnabr\u00fcck<\/p>\n<p>besch\u00e4ftigt. Die zuletzt in Cloppenburg t\u00e4tige Neurologin ist seit April<\/p>\n<p>Chef\u00e4rztin im St. Bonifatius Hospital Lingen. Konsiliarisch betreut sie<\/p>\n<p>ebenfalls die station\u00e4ren Patienten des S\u00f6geler Krankenhauses. Als<\/p>\n<p>Behandlungsschwerpunkte nennt St\u00f6ve die Nachsorge von Schlaganfallpatienten<\/p>\n<p>und die Behandlung von Patienten mit Multipler Sklerose, Epilepsie, Morbus<\/p>\n<p>Parkinson, Demenz Typ Alzheimer und Amyotropher Lateralsklerose (ALS).<\/p>\n<p>&nbsp;<\/p>\n<p>Termine<\/p>\n<p>Termine f\u00fcr die gastroenterologische Sprechstunde k\u00f6nnen unter der<\/p>\n<p>Rufnummer 05952 209-2135 und Termine f\u00fcr die neurologische Sprechstunde<\/p>\n<p>unter der Rufnummer 05952 209-2888 vereinbart werden.<\/p>\n<pre>Text\/Fotos: Jens Eilers, HKS<\/pre>\n<div id=\"attachment_10759\" style=\"width: 210px\" class=\"wp-caption alignnone\"><a href=\"https:\/\/www.forum-soegel.de\/information\/wp-content\/uploads\/2013\/04\/Neu-am-H\u00fcmmling-Krankenhaus-S\u00f6gel2.jpg\"><img loading=\"lazy\" decoding=\"async\" aria-describedby=\"caption-attachment-10759\" class=\"size-medium wp-image-10759\" title=\"Neu am H\u00fcmmling Krankenhaus S\u00f6gel2\" src=\"https:\/\/www.forum-soegel.de\/information\/wp-content\/uploads\/2013\/04\/Neu-am-H\u00fcmmling-Krankenhaus-S\u00f6gel2-200x300.jpg\" alt=\"\" width=\"200\" height=\"300\" srcset=\"https:\/\/www.forum-soegel.de\/information\/wp-content\/uploads\/2013\/04\/Neu-am-H\u00fcmmling-Krankenhaus-S\u00f6gel2-200x300.jpg 200w, https:\/\/www.forum-soegel.de\/information\/wp-content\/uploads\/2013\/04\/Neu-am-H\u00fcmmling-Krankenhaus-S\u00f6gel2.jpg 512w\" sizes=\"auto, (max-width: 200px) 100vw, 200px\" \/><\/a><p id=\"caption-attachment-10759\" class=\"wp-caption-text\">Chefarzt Innere Medizin: Leitet seit April gemeinsam mit Dr. Norbert Bley die Abteilung Innere Medizin im H\u00fcmmling Krankenhaus S\u00f6gel: Chefarzt Dr. Ralf Meyer.<\/p><\/div>\n<div id=\"attachment_10760\" style=\"width: 310px\" class=\"wp-caption alignnone\"><a href=\"https:\/\/www.forum-soegel.de\/information\/wp-content\/uploads\/2013\/04\/Neu-am-H\u00fcmmling-Krankenhaus-S\u00f6gel1.jpg\"><img loading=\"lazy\" decoding=\"async\" aria-describedby=\"caption-attachment-10760\" class=\"size-medium wp-image-10760\" title=\"Neu am H\u00fcmmling Krankenhaus S\u00f6gel1\" src=\"https:\/\/www.forum-soegel.de\/information\/wp-content\/uploads\/2013\/04\/Neu-am-H\u00fcmmling-Krankenhaus-S\u00f6gel1-300x216.jpg\" alt=\"\" width=\"300\" height=\"216\" srcset=\"https:\/\/www.forum-soegel.de\/information\/wp-content\/uploads\/2013\/04\/Neu-am-H\u00fcmmling-Krankenhaus-S\u00f6gel1-300x216.jpg 300w, https:\/\/www.forum-soegel.de\/information\/wp-content\/uploads\/2013\/04\/Neu-am-H\u00fcmmling-Krankenhaus-S\u00f6gel1.jpg 1024w\" sizes=\"auto, (max-width: 300px) 100vw, 300px\" \/><\/a><p id=\"caption-attachment-10760\" class=\"wp-caption-text\">Neurologische Sprechstunde: Das Team der neurologischen Sprechstunde im Medizinischen Versorgungszentrum (MVZ) H\u00fcmmling Krankenhaus S\u00f6gel: Arzthelferin Kathrin Hillmann und Neurologin Dr. Sonja St\u00f6ve (von links).<\/p><\/div>\n","protected":false},"excerpt":{"rendered":"S\u00f6gel &#8211; Im H\u00fcmmling Krankenhaus S\u00f6gel gab es zum 1. April personelle Ver\u00e4nderungen. Durch Beschluss der Gesellschafterversammlung wurde Dr. Ralf Meyer zum neuen Chefarzt der Abteilung f\u00fcr \u00a0innere Medizin berufen. Au\u00dferdem erweitert Dr. Sonja St\u00f6ve das Behandlungsspektrum im Medizinischen Versorgungszentrum (MVZ) H\u00fcmmling Krankenhaus S\u00f6gel um eine neurologische Sprechstunde. &nbsp; Chefarzt innere Medizin Ralf Meyer ist [&hellip;]\n","protected":false},"author":2,"featured_media":0,"comment_status":"closed","ping_status":"closed","sticky":false,"template":"","format":"standard","meta":{"ngg_post_thumbnail":0,"footnotes":""},"categories":[25],"tags":[],"class_list":["post-10758","post","type-post","status-publish","format-standard","hentry","category-hauptsache-gesund"],"_links":{"self":[{"href":"https:\/\/www.forum-soegel.de\/information\/wp-json\/wp\/v2\/posts\/10758","targetHints":{"allow":["GET"]}}],"collection":[{"href":"https:\/\/www.forum-soegel.de\/information\/wp-json\/wp\/v2\/posts"}],"about":[{"href":"https:\/\/www.forum-soegel.de\/information\/wp-json\/wp\/v2\/types\/post"}],"author":[{"embeddable":true,"href":"https:\/\/www.forum-soegel.de\/information\/wp-json\/wp\/v2\/users\/2"}],"replies":[{"embeddable":true,"href":"https:\/\/www.forum-soegel.de\/information\/wp-json\/wp\/v2\/comments?post=10758"}],"version-history":[{"count":2,"href":"https:\/\/www.forum-soegel.de\/information\/wp-json\/wp\/v2\/posts\/10758\/revisions"}],"predecessor-version":[{"id":10762,"href":"https:\/\/www.forum-soegel.de\/information\/wp-json\/wp\/v2\/posts\/10758\/revisions\/10762"}],"wp:attachment":[{"href":"https:\/\/www.forum-soegel.de\/information\/wp-json\/wp\/v2\/media?parent=10758"}],"wp:term":[{"taxonomy":"category","embeddable":true,"href":"https:\/\/www.forum-soegel.de\/information\/wp-json\/wp\/v2\/categories?post=10758"},{"taxonomy":"post_tag","embeddable":true,"href":"https:\/\/www.forum-soegel.de\/information\/wp-json\/wp\/v2\/tags?post=10758"}],"curies":[{"name":"wp","href":"https:\/\/api.w.org\/{rel}","templated":true}]}}