{"id":10741,"date":"2013-05-01T00:39:46","date_gmt":"2013-04-30T22:39:46","guid":{"rendered":"https:\/\/www.forum-soegel.de\/information\/?p=10741"},"modified":"2013-04-28T22:42:52","modified_gmt":"2013-04-28T20:42:52","slug":"klassentreffen-schuljahrgang-1938","status":"publish","type":"post","link":"https:\/\/www.forum-soegel.de\/information\/2013\/05\/klassentreffen-schuljahrgang-1938\/","title":{"rendered":"Klassentreffen Schuljahrgang 1938"},"content":{"rendered":"<p>Spahnharrenst\u00e4tte &#8211; Anl\u00e4sslich der Einschulung vor 60 Jahren trafen sich die Beteiligten am 17.03.2013 zu einer gemeinsamen Sonntagsmesse in Spahnharrenst\u00e4tte.<\/p>\n<p>Anschlie\u00dfend wurde das gem\u00fctliche Beisammensein in Werpeloh im H\u00fcmmlinger Hof fortgesetzt.<\/p>\n<p>Text\/Foto: Alois B\u00fcter<\/p>\n<div id=\"attachment_10742\" style=\"width: 310px\" class=\"wp-caption alignnone\"><a href=\"https:\/\/www.forum-soegel.de\/information\/wp-content\/uploads\/2013\/04\/Klassentreffen-Schuljahrgang-1938.jpg\"><img loading=\"lazy\" decoding=\"async\" aria-describedby=\"caption-attachment-10742\" class=\"size-medium wp-image-10742\" title=\"Klassentreffen Schuljahrgang 1938\" src=\"https:\/\/www.forum-soegel.de\/information\/wp-content\/uploads\/2013\/04\/Klassentreffen-Schuljahrgang-1938-300x200.jpg\" alt=\"\" width=\"300\" height=\"200\" srcset=\"https:\/\/www.forum-soegel.de\/information\/wp-content\/uploads\/2013\/04\/Klassentreffen-Schuljahrgang-1938-300x200.jpg 300w, https:\/\/www.forum-soegel.de\/information\/wp-content\/uploads\/2013\/04\/Klassentreffen-Schuljahrgang-1938.jpg 1024w\" sizes=\"auto, (max-width: 300px) 100vw, 300px\" \/><\/a><p id=\"caption-attachment-10742\" class=\"wp-caption-text\">Anni Weichert, Anna Sievers, August Weber, Maria Pohlgeers, Gerhard Schrand, Bernhardine Grunewald, Gerhard Gerdes, Hannelies Rolfes, Helene Armeln, Hermann Eilermann, Agnes M\u00f6ller, Hermann Schrand, Gertrud Otten und Elisabeth Schippmann.<\/p><\/div>\n<p>&nbsp;<\/p>\n","protected":false},"excerpt":{"rendered":"Spahnharrenst\u00e4tte &#8211; Anl\u00e4sslich der Einschulung vor 60 Jahren trafen sich die Beteiligten am 17.03.2013 zu einer gemeinsamen Sonntagsmesse in Spahnharrenst\u00e4tte. Anschlie\u00dfend wurde das gem\u00fctliche Beisammensein in Werpeloh im H\u00fcmmlinger Hof fortgesetzt. Text\/Foto: Alois B\u00fcter &nbsp;\n","protected":false},"author":2,"featured_media":0,"comment_status":"closed","ping_status":"closed","sticky":false,"template":"","format":"standard","meta":{"ngg_post_thumbnail":0,"footnotes":""},"categories":[9],"tags":[],"class_list":["post-10741","post","type-post","status-publish","format-standard","hentry","category-vergangenheit-und-gegenwart"],"_links":{"self":[{"href":"https:\/\/www.forum-soegel.de\/information\/wp-json\/wp\/v2\/posts\/10741","targetHints":{"allow":["GET"]}}],"collection":[{"href":"https:\/\/www.forum-soegel.de\/information\/wp-json\/wp\/v2\/posts"}],"about":[{"href":"https:\/\/www.forum-soegel.de\/information\/wp-json\/wp\/v2\/types\/post"}],"author":[{"embeddable":true,"href":"https:\/\/www.forum-soegel.de\/information\/wp-json\/wp\/v2\/users\/2"}],"replies":[{"embeddable":true,"href":"https:\/\/www.forum-soegel.de\/information\/wp-json\/wp\/v2\/comments?post=10741"}],"version-history":[{"count":2,"href":"https:\/\/www.forum-soegel.de\/information\/wp-json\/wp\/v2\/posts\/10741\/revisions"}],"predecessor-version":[{"id":10744,"href":"https:\/\/www.forum-soegel.de\/information\/wp-json\/wp\/v2\/posts\/10741\/revisions\/10744"}],"wp:attachment":[{"href":"https:\/\/www.forum-soegel.de\/information\/wp-json\/wp\/v2\/media?parent=10741"}],"wp:term":[{"taxonomy":"category","embeddable":true,"href":"https:\/\/www.forum-soegel.de\/information\/wp-json\/wp\/v2\/categories?post=10741"},{"taxonomy":"post_tag","embeddable":true,"href":"https:\/\/www.forum-soegel.de\/information\/wp-json\/wp\/v2\/tags?post=10741"}],"curies":[{"name":"wp","href":"https:\/\/api.w.org\/{rel}","templated":true}]}}