{"id":10738,"date":"2013-05-01T00:37:44","date_gmt":"2013-04-30T22:37:44","guid":{"rendered":"https:\/\/www.forum-soegel.de\/information\/?p=10738"},"modified":"2013-04-28T22:39:21","modified_gmt":"2013-04-28T20:39:21","slug":"franzosische-austauschschuler-zu-gast-in-sogel-3","status":"publish","type":"post","link":"https:\/\/www.forum-soegel.de\/information\/2013\/05\/franzosische-austauschschuler-zu-gast-in-sogel-3\/","title":{"rendered":"Franz\u00f6sische Austauschsch\u00fcler zu Gast in S\u00f6gel"},"content":{"rendered":"<p>Eine Woche lang waren franz\u00f6sische Austauschsch\u00fcler aus Vannes (Bretagne) zu Gast bei Sch\u00fclerinnen und Sch\u00fclern des H\u00fcmmling-Gymnasiums in S\u00f6gel. Neben der \u00fcblichen Unterrichtsteilnahme am H\u00fcmmling-Gymnasium standen auch Ausfl\u00fcge nach Bremen und Emden auf dem Programm der Jugendlichen und ihrer Gastgeber. In diesen Tagen waren die Austauschsch\u00fcler zu einem offiziellen Empfang mit B\u00fcrgermeisterin Irmgard Welling und dem Ersten Samtgemeinderat Hans Nowak geladen. Welling hie\u00df die Sch\u00fcler, ihre Lehrer Regula\u2013Le Brun, Goucelm Boismenu sowie Carsten Greve und die Betreuungslehrerin des H\u00fcmmling-Gymnasiums, Annemarie Becker-L\u00f6blein, im Sitzungssaal des Rathauses willkommen. Nowak erl\u00e4uterte den G\u00e4sten die Aktivit\u00e4ten der Energieregion H\u00fcmmling hinsichtlich der Nutzung von erneuerbaren Energien. Die G\u00e4ste zeigten sich beeindruckt von der Energie- und CO\u00b2-Bilanz des Naturstandpunkts H\u00fcmmling. Madame Regula-Le Brun sowie Monsieur Carsten Greve hoben die Gastfreundschaft der Deutschen hervor und versprachen, den Austausch mit dem H\u00fcmmling-Gymnasium weiterhin zu pflegen. Der Gegenbesuch der deutschen Delegation ist in Planung.<\/p>\n<p>Text: Ingrid Cloppenburg<\/p>\n<p><a href=\"https:\/\/www.forum-soegel.de\/information\/wp-content\/uploads\/2013\/04\/Franz\u00f6sische-Austauschsch\u00fcler-zu-Gast-in-S\u00f6gel.jpg\"><img loading=\"lazy\" decoding=\"async\" class=\"alignnone size-medium wp-image-10739\" title=\"Franz\u00f6sische Austauschsch\u00fcler zu Gast in S\u00f6gel\" src=\"https:\/\/www.forum-soegel.de\/information\/wp-content\/uploads\/2013\/04\/Franz\u00f6sische-Austauschsch\u00fcler-zu-Gast-in-S\u00f6gel-300x225.jpg\" alt=\"\" width=\"300\" height=\"225\" srcset=\"https:\/\/www.forum-soegel.de\/information\/wp-content\/uploads\/2013\/04\/Franz\u00f6sische-Austauschsch\u00fcler-zu-Gast-in-S\u00f6gel-300x225.jpg 300w, https:\/\/www.forum-soegel.de\/information\/wp-content\/uploads\/2013\/04\/Franz\u00f6sische-Austauschsch\u00fcler-zu-Gast-in-S\u00f6gel.jpg 1024w\" sizes=\"auto, (max-width: 300px) 100vw, 300px\" \/><\/a><\/p>\n<p>&nbsp;<\/p>\n","protected":false},"excerpt":{"rendered":"Eine Woche lang waren franz\u00f6sische Austauschsch\u00fcler aus Vannes (Bretagne) zu Gast bei Sch\u00fclerinnen und Sch\u00fclern des H\u00fcmmling-Gymnasiums in S\u00f6gel. Neben der \u00fcblichen Unterrichtsteilnahme am H\u00fcmmling-Gymnasium standen auch Ausfl\u00fcge nach Bremen und Emden auf dem Programm der Jugendlichen und ihrer Gastgeber. In diesen Tagen waren die Austauschsch\u00fcler zu einem offiziellen Empfang mit B\u00fcrgermeisterin Irmgard Welling und [&hellip;]\n","protected":false},"author":2,"featured_media":0,"comment_status":"closed","ping_status":"closed","sticky":false,"template":"","format":"standard","meta":{"ngg_post_thumbnail":0,"footnotes":""},"categories":[6],"tags":[],"class_list":["post-10738","post","type-post","status-publish","format-standard","hentry","category-aus-der-schule-geplaudert"],"_links":{"self":[{"href":"https:\/\/www.forum-soegel.de\/information\/wp-json\/wp\/v2\/posts\/10738","targetHints":{"allow":["GET"]}}],"collection":[{"href":"https:\/\/www.forum-soegel.de\/information\/wp-json\/wp\/v2\/posts"}],"about":[{"href":"https:\/\/www.forum-soegel.de\/information\/wp-json\/wp\/v2\/types\/post"}],"author":[{"embeddable":true,"href":"https:\/\/www.forum-soegel.de\/information\/wp-json\/wp\/v2\/users\/2"}],"replies":[{"embeddable":true,"href":"https:\/\/www.forum-soegel.de\/information\/wp-json\/wp\/v2\/comments?post=10738"}],"version-history":[{"count":1,"href":"https:\/\/www.forum-soegel.de\/information\/wp-json\/wp\/v2\/posts\/10738\/revisions"}],"predecessor-version":[{"id":10740,"href":"https:\/\/www.forum-soegel.de\/information\/wp-json\/wp\/v2\/posts\/10738\/revisions\/10740"}],"wp:attachment":[{"href":"https:\/\/www.forum-soegel.de\/information\/wp-json\/wp\/v2\/media?parent=10738"}],"wp:term":[{"taxonomy":"category","embeddable":true,"href":"https:\/\/www.forum-soegel.de\/information\/wp-json\/wp\/v2\/categories?post=10738"},{"taxonomy":"post_tag","embeddable":true,"href":"https:\/\/www.forum-soegel.de\/information\/wp-json\/wp\/v2\/tags?post=10738"}],"curies":[{"name":"wp","href":"https:\/\/api.w.org\/{rel}","templated":true}]}}