{"id":10735,"date":"2013-05-01T00:35:06","date_gmt":"2013-04-30T22:35:06","guid":{"rendered":"https:\/\/www.forum-soegel.de\/information\/?p=10735"},"modified":"2013-04-28T22:37:15","modified_gmt":"2013-04-28T20:37:15","slug":"1000-sogeler-schuler-pflanzen-klimaschutzwald","status":"publish","type":"post","link":"https:\/\/www.forum-soegel.de\/information\/2013\/05\/1000-sogeler-schuler-pflanzen-klimaschutzwald\/","title":{"rendered":"1000 S\u00f6geler Sch\u00fcler pflanzen Klimaschutzwald"},"content":{"rendered":"<p>S\u00f6gel &#8211; Die Gemeinde S\u00f6gel hat in den vergangenen Tagen einen neuen rund drei Hektar gro\u00dfen Wald bekommen. Das ist aber nicht irgendein Wald. Rund 1000 Sch\u00fcler des H\u00fcmmling- Gymnasiums und der Schule am Schloss haben auf der Fl\u00e4che neben dem Raddesee den ersten <a href=\"https:\/\/zukunftwald.de\/\" target=\"_blank\">\u201eSchulwald gegen Klimawandel\u201c der Stiftung \u201eZukunft Wald\u201c<\/a> Wirklichkeit werden lassen. Mit im Boot sind die <a href=\"https:\/\/www.emsland.de\/\" target=\"_blank\">Naturschutzstiftung des Landkreises<\/a> sowie die Gemeinde und mehrere F\u00f6rderer.<\/p>\n<p>In zwei gro\u00df angelegten Arbeitseins\u00e4tzen haben die Kinder und Jugendlichen rund 10000 B\u00e4ume von Eichen \u00fcber Hainbuchen bis hin zu Wei\u00dfdorn und Birken gepflanzt. Der Klimawandel spielt hier sogar in zweierlei Hinsicht eine Rolle. Denn nicht allein die Stiftung Zukunft Wald der Nieders\u00e4chsischen Landesforsten sieht hier eines ihrer Ziele verwirklicht. F\u00fcr den Landkreis Emsland ist dieses Areal laut Ludger Pott, Leiter der Unteren Naturschutzbeh\u00f6rde, jetzt auch ein Teil des Klimaschutzwaldes, der im Entstehen ist. Auf zusammen 42 Hektar Fl\u00e4che soll im Emsland f\u00fcr jeden der etwa 316000 Einwohner ein Baum gepflanzt werden, der CO2 bindet. F\u00fcr gleich 10000 Emsl\u00e4nder gibt es somit jetzt durch den neu geschaffenen Wald in S\u00f6gel die entsprechenden \u201eKlimab\u00e4ume\u201c.<\/p>\n<p>Die st\u00e4rkste Bindung an die jungen B\u00e4ume d\u00fcrften aber nun wohl die Sch\u00fcler des Gymnasiums und der Schule am Schloss haben. Denn die haben sich, wie es Ludger Pott ausdr\u00fcckte, \u201edie H\u00e4nde dreckig gemacht\u201c und damit eine besondere \u201eErdverbundenheit\u201c zu der Fl\u00e4che hergestellt. \u201eHier ist etwas f\u00fcr die Zukunft geschaffen worden. Ihr k\u00f6nnt sp\u00e4ter einmal sagen: \u201eDen haben wir gepflanzt\u201c, verdeutlichte Pott die Langfristigkeit dieser Aktion.<\/p>\n<p>Zusammen mit Franz H\u00fcsing, Direktor der Stiftung Zukunft Wald, \u00fcberreichte Bernhard van der Ahe, Vorsitzender der Naturschutzstiftung, den Schulleitern Manfred Rojahn (Gymnasium) und Maria Lau (Schule am Schloss) Urkunden. Diese r\u00e4umen den Schulen laut H\u00fcsing f\u00fcr die n\u00e4chsten 30 Jahre das \u201eRecht, aber auch die Pflicht ein, das Thema Wald in den Unterricht einzubauen\u201c. Dazu d\u00fcrfen die Schulen die Fl\u00e4che f\u00fcr den Unterricht nutzen.<\/p>\n<p>Text: Klaus Dieckmann, Ems-Zeitung \/ Foto: H\u00fcmmling-Gymnasium S\u00f6gel<\/p>\n<p><a href=\"https:\/\/www.forum-soegel.de\/information\/wp-content\/uploads\/2013\/04\/1000-S\u00f6geler-Sch\u00fcler-pflanzen-Klimaschutzwald.jpg\"><img loading=\"lazy\" decoding=\"async\" class=\"alignnone size-medium wp-image-10736\" title=\"1000 S\u00f6geler Sch\u00fcler pflanzen Klimaschutzwald\" src=\"https:\/\/www.forum-soegel.de\/information\/wp-content\/uploads\/2013\/04\/1000-S\u00f6geler-Sch\u00fcler-pflanzen-Klimaschutzwald-300x200.jpg\" alt=\"\" width=\"300\" height=\"200\" srcset=\"https:\/\/www.forum-soegel.de\/information\/wp-content\/uploads\/2013\/04\/1000-S\u00f6geler-Sch\u00fcler-pflanzen-Klimaschutzwald-300x200.jpg 300w, https:\/\/www.forum-soegel.de\/information\/wp-content\/uploads\/2013\/04\/1000-S\u00f6geler-Sch\u00fcler-pflanzen-Klimaschutzwald.jpg 1024w\" sizes=\"auto, (max-width: 300px) 100vw, 300px\" \/><\/a><\/p>\n","protected":false},"excerpt":{"rendered":"S\u00f6gel &#8211; Die Gemeinde S\u00f6gel hat in den vergangenen Tagen einen neuen rund drei Hektar gro\u00dfen Wald bekommen. Das ist aber nicht irgendein Wald. Rund 1000 Sch\u00fcler des H\u00fcmmling- Gymnasiums und der Schule am Schloss haben auf der Fl\u00e4che neben dem Raddesee den ersten \u201eSchulwald gegen Klimawandel\u201c der Stiftung \u201eZukunft Wald\u201c Wirklichkeit werden lassen. Mit [&hellip;]\n","protected":false},"author":2,"featured_media":0,"comment_status":"closed","ping_status":"closed","sticky":false,"template":"","format":"standard","meta":{"ngg_post_thumbnail":0,"footnotes":""},"categories":[6],"tags":[],"class_list":["post-10735","post","type-post","status-publish","format-standard","hentry","category-aus-der-schule-geplaudert"],"_links":{"self":[{"href":"https:\/\/www.forum-soegel.de\/information\/wp-json\/wp\/v2\/posts\/10735","targetHints":{"allow":["GET"]}}],"collection":[{"href":"https:\/\/www.forum-soegel.de\/information\/wp-json\/wp\/v2\/posts"}],"about":[{"href":"https:\/\/www.forum-soegel.de\/information\/wp-json\/wp\/v2\/types\/post"}],"author":[{"embeddable":true,"href":"https:\/\/www.forum-soegel.de\/information\/wp-json\/wp\/v2\/users\/2"}],"replies":[{"embeddable":true,"href":"https:\/\/www.forum-soegel.de\/information\/wp-json\/wp\/v2\/comments?post=10735"}],"version-history":[{"count":1,"href":"https:\/\/www.forum-soegel.de\/information\/wp-json\/wp\/v2\/posts\/10735\/revisions"}],"predecessor-version":[{"id":10737,"href":"https:\/\/www.forum-soegel.de\/information\/wp-json\/wp\/v2\/posts\/10735\/revisions\/10737"}],"wp:attachment":[{"href":"https:\/\/www.forum-soegel.de\/information\/wp-json\/wp\/v2\/media?parent=10735"}],"wp:term":[{"taxonomy":"category","embeddable":true,"href":"https:\/\/www.forum-soegel.de\/information\/wp-json\/wp\/v2\/categories?post=10735"},{"taxonomy":"post_tag","embeddable":true,"href":"https:\/\/www.forum-soegel.de\/information\/wp-json\/wp\/v2\/tags?post=10735"}],"curies":[{"name":"wp","href":"https:\/\/api.w.org\/{rel}","templated":true}]}}