{"id":10731,"date":"2013-05-01T00:31:56","date_gmt":"2013-04-30T22:31:56","guid":{"rendered":"https:\/\/www.forum-soegel.de\/information\/?p=10731"},"modified":"2013-04-28T22:35:01","modified_gmt":"2013-04-28T20:35:01","slug":"schule-am-schloss-in-sogel-ist-%e2%80%9eschule-ohne-rassismus-%e2%80%93-schule-mit-courage%e2%80%9c","status":"publish","type":"post","link":"https:\/\/www.forum-soegel.de\/information\/2013\/05\/schule-am-schloss-in-sogel-ist-%e2%80%9eschule-ohne-rassismus-%e2%80%93-schule-mit-courage%e2%80%9c\/","title":{"rendered":"Schule am Schloss in S\u00f6gel ist \u201eSchule ohne Rassismus \u2013 Schule mit Courage\u201c"},"content":{"rendered":"<p>S\u00f6gel &#8211; \u201eWir zeigen Gesicht!\u201c Mit diesen Worten schlossen die Spielszenen in der Aula des H\u00fcmmling-Gymnasiums S\u00f6gel anl\u00e4sslich der Titelverleihung \u201eSchule ohne Rassismus \u2013 Schule mit Courage\u201c an die Schule am Schloss in S\u00f6gel.\u00a0 Mit wei\u00dfen Neutralmasken wurden Sch\u00fclerinnen und Sch\u00fcler dargestellt, die einen anderen Sch\u00fcler ausschlossen. Am Ende setzte sich eine Sch\u00fclerin durch, nahm ihre Maske ab und wandte sich dem Ausgeschlossenen zu, so dass auch alle anderen Sch\u00fcler und Sch\u00fclerinnen sich von ihren Masken befreiten. Die ehemalige Lehrerin Marianne von Stuckrad gab den Sch\u00fclerinnen und Sch\u00fcler theaterp\u00e4dagogische Hilfestellungen. Alle Sch\u00fclerinnen und Sch\u00fcler hatten sich f\u00fcr die Verleihung in die Aula des H\u00fcmmling-Gymnasiums eingefunden.<\/p>\n<p>Die Schulleiterin Frau Maria Lau wies in ihrer Begr\u00fc\u00dfungsrede darauf hin, sich auch daf\u00fcr einsetzen zu wollen, dass der Titel nicht einfach als Floskel hingenommen werde, sondern die Schule und mit ihr alle, die zu Schule geh\u00f6ren, Verantwortung \u00fcbern\u00e4hmen, sich k\u00fcnftig gegen jede Form von Diskriminierung an der Schule aktiv einzusetzen.<\/p>\n<p>Samtgemeindeb\u00fcrgermeister G\u00fcnter Wigbers bekundete der Schule und den Projektinitiatoren den Respekt des Schultr\u00e4gers. Habe es in S\u00f6gel ehemals viele amerikanische Soldaten gegeben, so h\u00e4tten die Kommunen Mitte der achtziger Jahre vor der Aufgabe gestanden, viele tausend Menschen aus den Staaten der ehemaligen Sowjetunion zu integrieren. \u201eSie sind heute ein fester Bestandteil unserer Gesellschaft, und wir sind sehr froh, dass sie hier sind.\u201c\u00a0 Die Oberschule am Schloss trage mit ihrem Projekt\u00a0 dazu bei, ein weltoffenes Klima in der Region zu schaffen. \u201eDas findet unsere volle Anerkennung.\u201c<\/p>\n<p>Gerold Wenisch, Gesch\u00e4ftsf\u00fchrer von Produktion und Einkauf des Fahrzeugwerkes Bernard Krone GmbH in Werlte, sicherte als Pate des Projektes seine Unterst\u00fctzung zu und machte deutlich, dass der Umgang mit fremden Kulturen und Sprachen von hoher Bedeutung f\u00fcr die Wirtschaft sei.<\/p>\n<p>Die schulfachliche Dezernentin Karen Mull von der Landesschulbeh\u00f6rde Niedersachsen, die den Akt der Titelverleihung vornahm, \u00fcberbrachte Gr\u00fc\u00dfe von der Bundes- und Landeskoordination von \u201eSchule ohne Rassismus \u2013 Schule mit Courage\u201c und von der neuen Kultusministerin Frauke Heiligenstadt. \u201eSchule ohne Rassismus \u2013 Schule mit Courage\u201c sei ein Projekt, das seit den fr\u00fchen 90er Jahren, ausgehend von Belgien und den Niederlanden, in vielen L\u00e4ndern Europas, auch in Deutschland und in Niedersachsen, immer weitere Kreise ziehe. Niedersachsen sei nach Nordrhein-Westfalen und Bayern das Land mit der drittgr\u00f6\u00dften Anzahl an Titelschulen in Deutschland. Das Projekt \u201eSchule ohne Rassismus \u2013 Schule mit Courage\u201c sei zwar kein Wettbewerb, aber die gro\u00dfe Anzahl zeige, dass das Thema in Niedersachsen ernst genommen wird. In Niedersachsen sei die Schule am Schloss die 157. Schule, die die Auszeichnung bekomme, und deutschlandweit eine von ca. 1200 Schulen.<\/p>\n<p>Zwischen den Gru\u00dfworten, einer Bildershow und Spielszenen zum Thema Diskriminierung und Vorurteile waren immer wieder musikalische Einlagen von Sch\u00fclerinnen und Sch\u00fclern zu h\u00f6ren, die von ihren Lehrern J\u00fcrgen Jansen und Michael Peters begleitet wurden. Auch ein eigener \u201eSchule ohne Rassismus \u2013 Schule mit Courage\u201c-Song war einstudiert worden, der von den Sch\u00fclern Maurice G\u00e4er und Christian Jansen komponiert und getextet worden ist.<\/p>\n<p>Die Sch\u00fclerin Linda Jansen von der AG SOR &#8211; SMC f\u00fchrte durchs Programm, dass gemeinsam mit dem Religionskurs 9bKR und der Lehrerin Marion Geers erarbeitet wurde. Weiterf\u00fchrende Aktionen gegen Diskriminierung jeglicher Form werden im Rahmen des schulpastoralen Projektes der Schule, von der Lehrerin Marion Geers, dem Kaplan J\u00fcrgen Krallmann und dem Schulsozialarbeiter Sebastian Straeck begleitet.<\/p>\n<p>Text\/Foto: Ingrid Cloppenburg<\/p>\n<p><a href=\"https:\/\/www.forum-soegel.de\/information\/wp-content\/uploads\/2013\/04\/Schule-am-Schloss-Schule-ohne-Rassismus-1.jpg\"><img loading=\"lazy\" decoding=\"async\" class=\"alignnone size-medium wp-image-10732\" title=\"Schule am Schloss Schule ohne Rassismus 1\" src=\"https:\/\/www.forum-soegel.de\/information\/wp-content\/uploads\/2013\/04\/Schule-am-Schloss-Schule-ohne-Rassismus-1-300x199.jpg\" alt=\"\" width=\"300\" height=\"199\" srcset=\"https:\/\/www.forum-soegel.de\/information\/wp-content\/uploads\/2013\/04\/Schule-am-Schloss-Schule-ohne-Rassismus-1-300x199.jpg 300w, https:\/\/www.forum-soegel.de\/information\/wp-content\/uploads\/2013\/04\/Schule-am-Schloss-Schule-ohne-Rassismus-1.jpg 1024w\" sizes=\"auto, (max-width: 300px) 100vw, 300px\" \/><\/a><\/p>\n<p><a href=\"https:\/\/www.forum-soegel.de\/information\/wp-content\/uploads\/2013\/04\/Schule-am-Schloss-Schule-ohne-Rassismus-2.jpg\"><img loading=\"lazy\" decoding=\"async\" class=\"alignnone size-medium wp-image-10733\" title=\"Schule am Schloss Schule ohne Rassismus 2\" src=\"https:\/\/www.forum-soegel.de\/information\/wp-content\/uploads\/2013\/04\/Schule-am-Schloss-Schule-ohne-Rassismus-2-300x199.jpg\" alt=\"\" width=\"300\" height=\"199\" srcset=\"https:\/\/www.forum-soegel.de\/information\/wp-content\/uploads\/2013\/04\/Schule-am-Schloss-Schule-ohne-Rassismus-2-300x199.jpg 300w, https:\/\/www.forum-soegel.de\/information\/wp-content\/uploads\/2013\/04\/Schule-am-Schloss-Schule-ohne-Rassismus-2.jpg 1024w\" sizes=\"auto, (max-width: 300px) 100vw, 300px\" \/><\/a><\/p>\n","protected":false},"excerpt":{"rendered":"S\u00f6gel &#8211; \u201eWir zeigen Gesicht!\u201c Mit diesen Worten schlossen die Spielszenen in der Aula des H\u00fcmmling-Gymnasiums S\u00f6gel anl\u00e4sslich der Titelverleihung \u201eSchule ohne Rassismus \u2013 Schule mit Courage\u201c an die Schule am Schloss in S\u00f6gel.\u00a0 Mit wei\u00dfen Neutralmasken wurden Sch\u00fclerinnen und Sch\u00fcler dargestellt, die einen anderen Sch\u00fcler ausschlossen. Am Ende setzte sich eine Sch\u00fclerin durch, nahm [&hellip;]\n","protected":false},"author":2,"featured_media":0,"comment_status":"closed","ping_status":"closed","sticky":false,"template":"","format":"standard","meta":{"ngg_post_thumbnail":0,"footnotes":""},"categories":[6],"tags":[],"class_list":["post-10731","post","type-post","status-publish","format-standard","hentry","category-aus-der-schule-geplaudert"],"_links":{"self":[{"href":"https:\/\/www.forum-soegel.de\/information\/wp-json\/wp\/v2\/posts\/10731","targetHints":{"allow":["GET"]}}],"collection":[{"href":"https:\/\/www.forum-soegel.de\/information\/wp-json\/wp\/v2\/posts"}],"about":[{"href":"https:\/\/www.forum-soegel.de\/information\/wp-json\/wp\/v2\/types\/post"}],"author":[{"embeddable":true,"href":"https:\/\/www.forum-soegel.de\/information\/wp-json\/wp\/v2\/users\/2"}],"replies":[{"embeddable":true,"href":"https:\/\/www.forum-soegel.de\/information\/wp-json\/wp\/v2\/comments?post=10731"}],"version-history":[{"count":1,"href":"https:\/\/www.forum-soegel.de\/information\/wp-json\/wp\/v2\/posts\/10731\/revisions"}],"predecessor-version":[{"id":10734,"href":"https:\/\/www.forum-soegel.de\/information\/wp-json\/wp\/v2\/posts\/10731\/revisions\/10734"}],"wp:attachment":[{"href":"https:\/\/www.forum-soegel.de\/information\/wp-json\/wp\/v2\/media?parent=10731"}],"wp:term":[{"taxonomy":"category","embeddable":true,"href":"https:\/\/www.forum-soegel.de\/information\/wp-json\/wp\/v2\/categories?post=10731"},{"taxonomy":"post_tag","embeddable":true,"href":"https:\/\/www.forum-soegel.de\/information\/wp-json\/wp\/v2\/tags?post=10731"}],"curies":[{"name":"wp","href":"https:\/\/api.w.org\/{rel}","templated":true}]}}