{"id":10727,"date":"2013-05-01T00:28:42","date_gmt":"2013-04-30T22:28:42","guid":{"rendered":"https:\/\/www.forum-soegel.de\/information\/?p=10727"},"modified":"2013-04-28T22:30:47","modified_gmt":"2013-04-28T20:30:47","slug":"%e2%80%9eachtung-auto%e2%80%9c","status":"publish","type":"post","link":"https:\/\/www.forum-soegel.de\/information\/2013\/05\/%e2%80%9eachtung-auto%e2%80%9c\/","title":{"rendered":"\u201eAchtung Auto\u201c"},"content":{"rendered":"<p style=\"text-align: left;\" align=\"center\"><strong>Verkehrssicherheitsprogramm f\u00fcr F\u00fcnftkl\u00e4ssler der Oberschule S\u00f6gel<\/strong><\/p>\n<p>S\u00f6gel &#8211; Sch\u00fcler der 5. Klassen der Oberschule S\u00f6gel \u2013 Schule am Schloss \u2013 lernten im Rahmen eines Verkehrssicherheitsprogramms des ADAC \u201eAchtung Auto\u201c, wie man sich richtig im Stra\u00dfenverkehr verh\u00e4lt.<\/p>\n<p>An zwei Vormittagen\u00a0 begaben sich deshalb die Sch\u00fcler mit ihren Klassenlehrern zu Fu\u00df auf den Weg zur General-Clay-Stra\u00dfe, wo sie\u00a0 jeweils an einem 90-min\u00fctigen Programm teilnahmen. Schon w\u00e4hrend des l\u00e4ngeren \u00a0Fu\u00dfmarsches lernten sie, wie man sich zum Beispiel \u00a0richtig verh\u00e4lt, wenn \u00a0auf dem B\u00fcrgersteig Passanten entgegenkommen oder wenn man eine Stra\u00dfe \u00fcberquert.<\/p>\n<p>In zwei Schulstunden bekamen sie dann\u00a0 auf dem Platz der\u00a0 General-Clay-Stra\u00dfe \u00a0die Gelegenheit, mit dem\u00a0 ausgebildeten Moderator des ADAC, Herrn Lange, theoretisch und durch praktische \u00dcbungen und Demonstrationen den Zusammenhang zwischen Geschwindigkeit, Reaktionszeit und Bremsweg zu erleben, um so den Anhalteweg von Fu\u00dfg\u00e4ngern und Fahrzeugen besser einsch\u00e4tzen zu k\u00f6nnen. Dabei wurde Herr Lange von den jeweiligen Klassenlehrern Frau Ahlers, Frau Eilermann, Herr Jansen und Herr J\u00e4ger unterst\u00fctzt.<\/p>\n<p>So lie\u00df man die Sch\u00fcler versuchen, aus vollem Lauf heraus stehen zu bleiben. So war es f\u00fcr sie gar nicht so einfach, die \u00a0eigene K\u00f6rperdynamik einzusch\u00e4tzen.<\/p>\n<p>\u201eEinfach anhalten, das geht nicht\u201c, stellten die Sch\u00fcler bald fest.<\/p>\n<p>Als Mitfahrer im ADAC-Aktionsauto lernten sie auch die Sicht des Autofahrers kennen und erfuhren die lebensrettende Bedeutung der Sicherung im Fahrzeug.<\/p>\n<p>Schulleiterin Maria Lau bedankte sich beim ADAC Weser-Ems f\u00fcr das kostenlose und lehrreiche Unterrichtsangebot und f\u00fcr den reibungslosen Ablauf. Ihr Dank galt auch Frau Rita Fortwengel, die als zust\u00e4ndige Lehrkraft f\u00fcr das Curriculum \u201eMobilit\u00e4t\u201c\u00a0 dieses Aktionsangebot f\u00fcr die Schule am Schloss organisiert und unterst\u00fctzt hatte.<\/p>\n<p>Text: Gisela Arling \/ Foto: Klaus Kulkmann<\/p>\n<div id=\"attachment_10728\" style=\"width: 310px\" class=\"wp-caption alignnone\"><a href=\"https:\/\/www.forum-soegel.de\/information\/wp-content\/uploads\/2013\/04\/Achtung-Auto.jpg\"><img loading=\"lazy\" decoding=\"async\" aria-describedby=\"caption-attachment-10728\" class=\"size-medium wp-image-10728\" title=\"Achtung Auto\" src=\"https:\/\/www.forum-soegel.de\/information\/wp-content\/uploads\/2013\/04\/Achtung-Auto-300x174.jpg\" alt=\"\" width=\"300\" height=\"174\" srcset=\"https:\/\/www.forum-soegel.de\/information\/wp-content\/uploads\/2013\/04\/Achtung-Auto-300x174.jpg 300w, https:\/\/www.forum-soegel.de\/information\/wp-content\/uploads\/2013\/04\/Achtung-Auto.jpg 1024w\" sizes=\"auto, (max-width: 300px) 100vw, 300px\" \/><\/a><p id=\"caption-attachment-10728\" class=\"wp-caption-text\">Das Foto zeigt die Organisatorin Rita Fortwengel mit Moderator Herrn Lange mit Sch\u00fclern einer 5. Klasse<\/p><\/div>\n","protected":false},"excerpt":{"rendered":"Verkehrssicherheitsprogramm f\u00fcr F\u00fcnftkl\u00e4ssler der Oberschule S\u00f6gel S\u00f6gel &#8211; Sch\u00fcler der 5. Klassen der Oberschule S\u00f6gel \u2013 Schule am Schloss \u2013 lernten im Rahmen eines Verkehrssicherheitsprogramms des ADAC \u201eAchtung Auto\u201c, wie man sich richtig im Stra\u00dfenverkehr verh\u00e4lt. An zwei Vormittagen\u00a0 begaben sich deshalb die Sch\u00fcler mit ihren Klassenlehrern zu Fu\u00df auf den Weg zur General-Clay-Stra\u00dfe, wo [&hellip;]\n","protected":false},"author":2,"featured_media":0,"comment_status":"closed","ping_status":"closed","sticky":false,"template":"","format":"standard","meta":{"ngg_post_thumbnail":0,"footnotes":""},"categories":[6],"tags":[],"class_list":["post-10727","post","type-post","status-publish","format-standard","hentry","category-aus-der-schule-geplaudert"],"_links":{"self":[{"href":"https:\/\/www.forum-soegel.de\/information\/wp-json\/wp\/v2\/posts\/10727","targetHints":{"allow":["GET"]}}],"collection":[{"href":"https:\/\/www.forum-soegel.de\/information\/wp-json\/wp\/v2\/posts"}],"about":[{"href":"https:\/\/www.forum-soegel.de\/information\/wp-json\/wp\/v2\/types\/post"}],"author":[{"embeddable":true,"href":"https:\/\/www.forum-soegel.de\/information\/wp-json\/wp\/v2\/users\/2"}],"replies":[{"embeddable":true,"href":"https:\/\/www.forum-soegel.de\/information\/wp-json\/wp\/v2\/comments?post=10727"}],"version-history":[{"count":1,"href":"https:\/\/www.forum-soegel.de\/information\/wp-json\/wp\/v2\/posts\/10727\/revisions"}],"predecessor-version":[{"id":10729,"href":"https:\/\/www.forum-soegel.de\/information\/wp-json\/wp\/v2\/posts\/10727\/revisions\/10729"}],"wp:attachment":[{"href":"https:\/\/www.forum-soegel.de\/information\/wp-json\/wp\/v2\/media?parent=10727"}],"wp:term":[{"taxonomy":"category","embeddable":true,"href":"https:\/\/www.forum-soegel.de\/information\/wp-json\/wp\/v2\/categories?post=10727"},{"taxonomy":"post_tag","embeddable":true,"href":"https:\/\/www.forum-soegel.de\/information\/wp-json\/wp\/v2\/tags?post=10727"}],"curies":[{"name":"wp","href":"https:\/\/api.w.org\/{rel}","templated":true}]}}