{"id":10724,"date":"2013-05-01T00:26:42","date_gmt":"2013-04-30T22:26:42","guid":{"rendered":"https:\/\/www.forum-soegel.de\/information\/?p=10724"},"modified":"2013-04-28T22:28:37","modified_gmt":"2013-04-28T20:28:37","slug":"%e2%80%9ehumorvolle-donkes%e2%80%9c-beim-plattdeutschen-vorlesewettbewerb-an-der-schule-am-schloss","status":"publish","type":"post","link":"https:\/\/www.forum-soegel.de\/information\/2013\/05\/%e2%80%9ehumorvolle-donkes%e2%80%9c-beim-plattdeutschen-vorlesewettbewerb-an-der-schule-am-schloss\/","title":{"rendered":"\u201eHumorvolle D\u00f6nkes\u201c beim plattdeutschen Vorlesewettbewerb  an der Schule am Schloss"},"content":{"rendered":"<p>S\u00f6gel &#8211; Weit \u00fcber 70 Teilnehmer verzeichnete in diesem Jahr der plattdeutsche Vorlesewettbewerb, der an der Schule am Schloss in S\u00f6gel durchgef\u00fchrt wurde. In \u00fcber zwanzig Klassen wurden in der ersten Runde zun\u00e4chst in drei Altersgruppen die jeweiligen Sieger ermittelt. Diese stellten sich dann im Rahmen des Schulentscheids einer \u201eFachjury\u201c, die aus Angela Eilermann, Lenchen Bruns, Adele Gerdes und Thekla Schr\u00f6der bestand. Mit ihren plattdeutschen Lesek\u00fcnsten \u00fcberzeugten vor allem Theresa Sanders in der Altersgruppe 5\/6, Hanna Kurlemann bei den Siebt- und Achtkl\u00e4sslern und Jana L\u00fcckenjans in der Altersgruppe 9\/10.<\/p>\n<p>Text\/Foto: J\u00fcrgen Jansen<\/p>\n<p><a href=\"https:\/\/www.forum-soegel.de\/information\/wp-content\/uploads\/2013\/04\/Humorvolle-D\u00f6nkes-beim-plattdeutschen-Vorlesewettbewerb.jpg\"><img loading=\"lazy\" decoding=\"async\" class=\"alignnone size-medium wp-image-10725\" title=\"Humorvolle D\u00f6nkes beim plattdeutschen Vorlesewettbewerb\" src=\"https:\/\/www.forum-soegel.de\/information\/wp-content\/uploads\/2013\/04\/Humorvolle-D\u00f6nkes-beim-plattdeutschen-Vorlesewettbewerb-300x199.jpg\" alt=\"\" width=\"300\" height=\"199\" srcset=\"https:\/\/www.forum-soegel.de\/information\/wp-content\/uploads\/2013\/04\/Humorvolle-D\u00f6nkes-beim-plattdeutschen-Vorlesewettbewerb-300x199.jpg 300w, https:\/\/www.forum-soegel.de\/information\/wp-content\/uploads\/2013\/04\/Humorvolle-D\u00f6nkes-beim-plattdeutschen-Vorlesewettbewerb.jpg 1024w\" sizes=\"auto, (max-width: 300px) 100vw, 300px\" \/><\/a><\/p>\n","protected":false},"excerpt":{"rendered":"S\u00f6gel &#8211; Weit \u00fcber 70 Teilnehmer verzeichnete in diesem Jahr der plattdeutsche Vorlesewettbewerb, der an der Schule am Schloss in S\u00f6gel durchgef\u00fchrt wurde. In \u00fcber zwanzig Klassen wurden in der ersten Runde zun\u00e4chst in drei Altersgruppen die jeweiligen Sieger ermittelt. Diese stellten sich dann im Rahmen des Schulentscheids einer \u201eFachjury\u201c, die aus Angela Eilermann, Lenchen [&hellip;]\n","protected":false},"author":2,"featured_media":0,"comment_status":"closed","ping_status":"closed","sticky":false,"template":"","format":"standard","meta":{"ngg_post_thumbnail":0,"footnotes":""},"categories":[6],"tags":[],"class_list":["post-10724","post","type-post","status-publish","format-standard","hentry","category-aus-der-schule-geplaudert"],"_links":{"self":[{"href":"https:\/\/www.forum-soegel.de\/information\/wp-json\/wp\/v2\/posts\/10724","targetHints":{"allow":["GET"]}}],"collection":[{"href":"https:\/\/www.forum-soegel.de\/information\/wp-json\/wp\/v2\/posts"}],"about":[{"href":"https:\/\/www.forum-soegel.de\/information\/wp-json\/wp\/v2\/types\/post"}],"author":[{"embeddable":true,"href":"https:\/\/www.forum-soegel.de\/information\/wp-json\/wp\/v2\/users\/2"}],"replies":[{"embeddable":true,"href":"https:\/\/www.forum-soegel.de\/information\/wp-json\/wp\/v2\/comments?post=10724"}],"version-history":[{"count":1,"href":"https:\/\/www.forum-soegel.de\/information\/wp-json\/wp\/v2\/posts\/10724\/revisions"}],"predecessor-version":[{"id":10726,"href":"https:\/\/www.forum-soegel.de\/information\/wp-json\/wp\/v2\/posts\/10724\/revisions\/10726"}],"wp:attachment":[{"href":"https:\/\/www.forum-soegel.de\/information\/wp-json\/wp\/v2\/media?parent=10724"}],"wp:term":[{"taxonomy":"category","embeddable":true,"href":"https:\/\/www.forum-soegel.de\/information\/wp-json\/wp\/v2\/categories?post=10724"},{"taxonomy":"post_tag","embeddable":true,"href":"https:\/\/www.forum-soegel.de\/information\/wp-json\/wp\/v2\/tags?post=10724"}],"curies":[{"name":"wp","href":"https:\/\/api.w.org\/{rel}","templated":true}]}}